{"id":6188,"date":"2022-06-24T08:52:48","date_gmt":"2022-06-24T11:52:48","guid":{"rendered":"https:\/\/www.visionweb.com.ar\/?p=6188"},"modified":"2022-06-23T18:33:51","modified_gmt":"2022-06-23T21:33:51","slug":"es-record-el-consumo-de-energia-electrica-y-persisten-los-cortes-en-amba","status":"publish","type":"post","link":"https:\/\/www.visionweb.com.ar\/?p=6188","title":{"rendered":"Es r\u00e9cord el consumo de energ\u00eda el\u00e9ctrica y persisten los cortes en AMBA"},"content":{"rendered":"<p><em><strong>En el Gran Buenos Aires Sur, las localidades m\u00e1s afectadas por la interrupci\u00f3n del servicio fueron Almirante Brown, Esteban Echeverria, Ezeiza, Lomas de Zamora, Quilmes y Presidente Per\u00f3n.<\/strong><\/em>\u00a0 \u00a0 \u00a0 <!--more--><\/p>\n<div id=\"attachment_6190\" style=\"width: 310px\" class=\"wp-caption alignright\"><img loading=\"lazy\" decoding=\"async\" aria-describedby=\"caption-attachment-6190\" class=\"wp-image-6190 size-medium\" src=\"https:\/\/www.visionweb.com.ar\/wp-content\/uploads\/2022\/06\/CONSUMO-DE-ENERGIA-300x225.jpg\" alt=\"\" width=\"300\" height=\"225\" srcset=\"https:\/\/www.visionweb.com.ar\/wp-content\/uploads\/2022\/06\/CONSUMO-DE-ENERGIA-300x225.jpg 300w, https:\/\/www.visionweb.com.ar\/wp-content\/uploads\/2022\/06\/CONSUMO-DE-ENERGIA-768x576.jpg 768w, https:\/\/www.visionweb.com.ar\/wp-content\/uploads\/2022\/06\/CONSUMO-DE-ENERGIA-320x240.jpg 320w, https:\/\/www.visionweb.com.ar\/wp-content\/uploads\/2022\/06\/CONSUMO-DE-ENERGIA.jpg 800w\" sizes=\"auto, (max-width: 300px) 100vw, 300px\" \/><p id=\"caption-attachment-6190\" class=\"wp-caption-text\"><strong><em>Con la llegada de los fr\u00edos se increment\u00f3 el consumo de energ\u00eda en el sur del GBA (Foto: Visi\u00f3nweb) <\/em><\/strong><\/p><\/div>\n<p><strong>\u00a0 \u00a0 \u00a0L<\/strong>as bajas temperaturas que desde hace varios d\u00edas afectan a casi todo el pa\u00eds generaron \u00abun r\u00e9cord en la\u00a0 demanda de energ\u00eda el\u00e9ctrica a nivel nacional para el invierno registrado por el Sistema Argentino de Interconexi\u00f3n\u00bb (SADI) y \u00abla m\u00e1xima potencia hist\u00f3rica\u00bb del \u00e1rea de concesi\u00f3n de la empresa Edesur, inform\u00f3 la compa\u00f1\u00eda en sus redes sociales.<\/p>\n<p id=\"viewer-da3da\" class=\"mm8Nw _1j-51 iWv3d _1FoOD _3M0Fe aujbK iWv3d public-DraftStyleDefault-block-depth0 fixed-tab-size public-DraftStyleDefault-text-ltr\"><span class=\"_2PHJq public-DraftStyleDefault-ltr\">Hoy registramos el m\u00e1ximo de potencia hist\u00f3rico a las 20:30 horas en nuestra \u00e1rea de concesi\u00f3n. Adem\u00e1s, tambi\u00e9n hubo r\u00e9cord de demanda a nivel nacional para el invierno registrado por el SADI\u00bb, detall\u00f3 Edesur.<\/span><\/p>\n<div data-hook=\"rcv-block3\">En tanto, de acuerdo a informaci\u00f3n del Ente Nacional de Regulaci\u00f3n de la Electricidad (ENRE), a las 22.50 horas un total de 42.254 usuarios de la provincia y la Ciudad de Buenos Aires se quedaron anoche sin el servicio de distribuci\u00f3n el\u00e9ctrica producto de la bajas temperaturas.<\/div>\n<div data-hook=\"rcv-block3\"><\/div>\n<div data-hook=\"rcv-block3\">La empresa Edesur report\u00f3 a esa hora un total de 38.054 usuarios que no dispon\u00edan del servicio energ\u00e9tico en la regi\u00f3n del AMBA, mientras que Edenor registraba un total de 4.200 clientes con problemas en el suministro.<\/div>\n<div data-hook=\"rcv-block3\"><\/div>\n<div data-hook=\"rcv-block3\">En la provincia de Buenos Aires, las localidades m\u00e1s afectadas por la interrupci\u00f3n del servicio fueron Almirante Brown, Esteban Echeverria, Ezeiza, Lomas de Zamora, Quilmes y Presidente Per\u00f3n.<\/div>\n<div data-hook=\"rcv-block3\"><\/div>\n<div data-hook=\"rcv-block3\">Seg\u00fan el pron\u00f3stico del Servicio Meteorol\u00f3gico Nacional (SMN), en el \u00c1rea Metropolitana Bonaerense se registrar\u00e1n temperaturas m\u00ednimas de cinco grados y m\u00e1ximas de 15 a partir de ma\u00f1ana y hasta el pr\u00f3ximo martes<strong>(VW)<\/strong>.<\/div>\n<div id=\"viewer-f3gku\" class=\"mm8Nw _1j-51 iWv3d _1FoOD _3M0Fe aujbK iWv3d public-DraftStyleDefault-block-depth0 fixed-tab-size public-DraftStyleDefault-text-ltr\"><\/div>\n","protected":false},"excerpt":{"rendered":"<p>En el Gran Buenos Aires Sur, las localidades m\u00e1s afectadas por la interrupci\u00f3n del servicio fueron Almirante Brown, Esteban Echeverria, Ezeiza, Lomas de Zamora, Quilmes y Presidente Per\u00f3n.\u00a0 \u00a0 \u00a0<\/p>\n","protected":false},"author":3,"featured_media":6190,"comment_status":"closed","ping_status":"closed","sticky":false,"template":"","format":"standard","meta":{"_monsterinsights_skip_tracking":false,"_monsterinsights_sitenote_active":false,"_monsterinsights_sitenote_note":"","_monsterinsights_sitenote_category":0,"footnotes":""},"categories":[3,8],"tags":[277,276,195,1662],"class_list":["post-6188","post","type-post","status-publish","format-standard","has-post-thumbnail","hentry","category-actualidad","category-interes-general","tag-cortes","tag-edesur","tag-energia","tag-gba"],"_links":{"self":[{"href":"https:\/\/www.visionweb.com.ar\/index.php?rest_route=\/wp\/v2\/posts\/6188","targetHints":{"allow":["GET"]}}],"collection":[{"href":"https:\/\/www.visionweb.com.ar\/index.php?rest_route=\/wp\/v2\/posts"}],"about":[{"href":"https:\/\/www.visionweb.com.ar\/index.php?rest_route=\/wp\/v2\/types\/post"}],"author":[{"embeddable":true,"href":"https:\/\/www.visionweb.com.ar\/index.php?rest_route=\/wp\/v2\/users\/3"}],"replies":[{"embeddable":true,"href":"https:\/\/www.visionweb.com.ar\/index.php?rest_route=%2Fwp%2Fv2%2Fcomments&post=6188"}],"version-history":[{"count":3,"href":"https:\/\/www.visionweb.com.ar\/index.php?rest_route=\/wp\/v2\/posts\/6188\/revisions"}],"predecessor-version":[{"id":6192,"href":"https:\/\/www.visionweb.com.ar\/index.php?rest_route=\/wp\/v2\/posts\/6188\/revisions\/6192"}],"wp:featuredmedia":[{"embeddable":true,"href":"https:\/\/www.visionweb.com.ar\/index.php?rest_route=\/wp\/v2\/media\/6190"}],"wp:attachment":[{"href":"https:\/\/www.visionweb.com.ar\/index.php?rest_route=%2Fwp%2Fv2%2Fmedia&parent=6188"}],"wp:term":[{"taxonomy":"category","embeddable":true,"href":"https:\/\/www.visionweb.com.ar\/index.php?rest_route=%2Fwp%2Fv2%2Fcategories&post=6188"},{"taxonomy":"post_tag","embeddable":true,"href":"https:\/\/www.visionweb.com.ar\/index.php?rest_route=%2Fwp%2Fv2%2Ftags&post=6188"}],"curies":[{"name":"wp","href":"https:\/\/api.w.org\/{rel}","templated":true}]}}