{"id":6180,"date":"2022-06-23T12:36:11","date_gmt":"2022-06-23T15:36:11","guid":{"rendered":"https:\/\/www.visionweb.com.ar\/?p=6180"},"modified":"2022-06-23T12:36:11","modified_gmt":"2022-06-23T15:36:11","slug":"lanus-el-municipio-avanza-el-proyecto-de-creacion-del-club-de-exportadores","status":"publish","type":"post","link":"https:\/\/www.visionweb.com.ar\/?p=6180","title":{"rendered":"Lan\u00fas: El Municipio avanza el proyecto de creaci\u00f3n del \u201cClub de Exportadores\u201d"},"content":{"rendered":"<p><em><strong>El objetivo es activar el comercio internacional. Tambi\u00e9n se trabaja en el proyecto de \u201cMade in Lan\u00fas\u201d, que establecer\u00e1 incentivos a las empresas exportadoras adherentes.<\/strong><\/em><!--more--><\/p>\n<div id=\"attachment_6182\" style=\"width: 310px\" class=\"wp-caption alignright\"><img loading=\"lazy\" decoding=\"async\" aria-describedby=\"caption-attachment-6182\" class=\"wp-image-6182 size-medium\" src=\"https:\/\/www.visionweb.com.ar\/wp-content\/uploads\/2022\/06\/oscar-jofre-y-grindetti-300x206.jpg\" alt=\"\" width=\"300\" height=\"206\" srcset=\"https:\/\/www.visionweb.com.ar\/wp-content\/uploads\/2022\/06\/oscar-jofre-y-grindetti-300x206.jpg 300w, https:\/\/www.visionweb.com.ar\/wp-content\/uploads\/2022\/06\/oscar-jofre-y-grindetti.jpg 599w\" sizes=\"auto, (max-width: 300px) 100vw, 300px\" \/><p id=\"caption-attachment-6182\" class=\"wp-caption-text\">Oscar Jorge y el intendente Grindetti en el proyecto para activar el comercio internacional. (Foto: Prensa de Lan\u00fas)<\/p><\/div>\n<p><strong>E<\/strong>l intendente de Lan\u00fas, N\u00e9stor Grindetti encabez\u00f3 ayer un encuentro, junto al asesor en la Promoci\u00f3n del Comercio Exterior Oscar Jofre, y representantes de la Subsecretar\u00eda de Desarrollo Econ\u00f3mico, \u00a0la C\u00e1mara de Microempresarios de Lan\u00fas (socia de CAME y FEBA), la Uni\u00f3n Industrial, la Asociaci\u00f3n Dirigentes de Empresas (ADE) y exportadores locales, en el que debatieron entre otros temas, sobre los desaf\u00edos del comercio exterior y el proyecto del Club de Exportadores.<\/p>\n<p>Sobre la iniciativa, Jofre manifest\u00f3: \u201cEs una asociaci\u00f3n empresarial de car\u00e1cter multisectorial independiente sin fines de lucro que apunta a defender los intereses de sus socios en funci\u00f3n de su actividad internacional. Nuestro objetivo es mejorar la competitividad en los mercados y ejercer representatividad ante diversas instituciones y gobiernos\u201d, conform\u00e9 indic\u00f3 Prensa de Lan\u00fas.<\/p>\n<p>Otros fines son generar y canalizar informaci\u00f3n para los exportadores, contribuir a la formaci\u00f3n de consorcios y alianzas estrat\u00e9gicas entre los socios, \u00a0e impulsar la imagen de la producci\u00f3n local en el exterior.<\/p>\n<p>Por otra parte, tambi\u00e9n se convers\u00f3 sobre el proyecto \u00a0\u201cMADE IN LANUS\u201d el cual, invita a \u00a0las empresas industriales o personas jur\u00eddicas a incorporar esa marca en los productos elaborados para vender en el exterior.<\/p>\n<p>En cuanto a los resultados de la visi\u00f3n compartida en relaci\u00f3n a la problem\u00e1tica en comercio exterior, se destacaron como algunos de los ejes principales, las tasas de inflaci\u00f3n, la brecha cambiaria, el tipo de cambio y la restricci\u00f3n de importaciones.<\/p>\n<p>Estuvieron, los presidentes de la Uni\u00f3n Industrial de Lan\u00fas, Aldo Esposito, de la C\u00e1mara de Microempresarios de Lan\u00fas -socia de CAME Y FEBA, Daniel Peresutti y de la Asociaci\u00f3n Dirigentes de Empresas, Jos\u00e9 Luis Merlo, y empresarios de diversos rubros. <strong>(VW)<\/strong><\/p>\n","protected":false},"excerpt":{"rendered":"<p>El objetivo es activar el comercio internacional. Tambi\u00e9n se trabaja en el proyecto de \u201cMade in Lan\u00fas\u201d, que establecer\u00e1 incentivos a las empresas exportadoras adherentes.<\/p>\n","protected":false},"author":4,"featured_media":6182,"comment_status":"closed","ping_status":"closed","sticky":false,"template":"","format":"standard","meta":{"_monsterinsights_skip_tracking":false,"_monsterinsights_sitenote_active":false,"_monsterinsights_sitenote_note":"","_monsterinsights_sitenote_category":0,"footnotes":""},"categories":[4],"tags":[2528,18,19,2529,2530],"class_list":["post-6180","post","type-post","status-publish","format-standard","has-post-thumbnail","hentry","category-politica","tag-club-de-exportadores","tag-grindetti","tag-lanus","tag-made-in-lanus","tag-oscar-jofre"],"_links":{"self":[{"href":"https:\/\/www.visionweb.com.ar\/index.php?rest_route=\/wp\/v2\/posts\/6180","targetHints":{"allow":["GET"]}}],"collection":[{"href":"https:\/\/www.visionweb.com.ar\/index.php?rest_route=\/wp\/v2\/posts"}],"about":[{"href":"https:\/\/www.visionweb.com.ar\/index.php?rest_route=\/wp\/v2\/types\/post"}],"author":[{"embeddable":true,"href":"https:\/\/www.visionweb.com.ar\/index.php?rest_route=\/wp\/v2\/users\/4"}],"replies":[{"embeddable":true,"href":"https:\/\/www.visionweb.com.ar\/index.php?rest_route=%2Fwp%2Fv2%2Fcomments&post=6180"}],"version-history":[{"count":2,"href":"https:\/\/www.visionweb.com.ar\/index.php?rest_route=\/wp\/v2\/posts\/6180\/revisions"}],"predecessor-version":[{"id":6183,"href":"https:\/\/www.visionweb.com.ar\/index.php?rest_route=\/wp\/v2\/posts\/6180\/revisions\/6183"}],"wp:featuredmedia":[{"embeddable":true,"href":"https:\/\/www.visionweb.com.ar\/index.php?rest_route=\/wp\/v2\/media\/6182"}],"wp:attachment":[{"href":"https:\/\/www.visionweb.com.ar\/index.php?rest_route=%2Fwp%2Fv2%2Fmedia&parent=6180"}],"wp:term":[{"taxonomy":"category","embeddable":true,"href":"https:\/\/www.visionweb.com.ar\/index.php?rest_route=%2Fwp%2Fv2%2Fcategories&post=6180"},{"taxonomy":"post_tag","embeddable":true,"href":"https:\/\/www.visionweb.com.ar\/index.php?rest_route=%2Fwp%2Fv2%2Ftags&post=6180"}],"curies":[{"name":"wp","href":"https:\/\/api.w.org\/{rel}","templated":true}]}}