{"id":6176,"date":"2022-06-23T12:14:09","date_gmt":"2022-06-23T15:14:09","guid":{"rendered":"https:\/\/www.visionweb.com.ar\/?p=6176"},"modified":"2022-06-23T12:14:09","modified_gmt":"2022-06-23T15:14:09","slug":"lomas-de-zamora-paro-docente-tras-los-incidentes-en-villa-fiorito","status":"publish","type":"post","link":"https:\/\/www.visionweb.com.ar\/?p=6176","title":{"rendered":"Lomas de Zamora: Paro docente tras los incidentes en Villa Fiorito"},"content":{"rendered":"<p><em><strong style=\"line-height: 1.5;\">Hay p<\/strong><strong style=\"line-height: 1.5;\">aro en las escuelas de Lomas este jueves 23. Profesores y estudiantes reclamaban por seguridad y fueron reprimidos por la polic\u00eda. El repudio a estos he<\/strong><strong style=\"line-height: 1.5;\">chos es generalizado.<\/strong><\/em><!--more--><\/p>\n<div id=\"attachment_6178\" style=\"width: 632px\" class=\"wp-caption aligncenter\"><img loading=\"lazy\" decoding=\"async\" aria-describedby=\"caption-attachment-6178\" class=\"wp-image-6178 size-full\" src=\"https:\/\/www.visionweb.com.ar\/wp-content\/uploads\/2022\/06\/docentes-reprimidos-en-protesta-lomas.bmp\" alt=\"\" width=\"622\" height=\"377\" \/><p id=\"caption-attachment-6178\" class=\"wp-caption-text\">La Polic\u00eda bonaerense reprimio a manifestantes que reclamaban por seguridad. (Imagen: internet)<\/p><\/div>\n<p><strong>L<\/strong>a seccional Lomas de Zamora del Sindicato \u00danico de Trabajadores de la Educaci\u00f3n de Buenos Aires (SUTEBA), decret\u00f3 un paro para hoy jueves 23 en todas las escuelas del distrito, y logr\u00f3 la adhesi\u00f3n de los otros gremios\u00a0que integran el Frente de Unidad Docente, en repudio a la represi\u00f3n policial sufrida en la protesta de ayer.<\/p>\n<p><strong>\u00a0<\/strong>Era una protesta de docentes, padres y estudiantes de un profesorado nocturno que se realizaba en Puente La Noria, Lomas de Zamora, en la que ped\u00edan por m\u00e1s seguridad, y fue desalojada con violencia por la Polic\u00eda bonaerense.<\/p>\n<p><strong>\u00a0<\/strong>De acuerdo al relato de los manifestantes, los efectivos policiales formaron un cord\u00f3n para impedir que cortaran el puente, tras lo cual se generaron graves incidentes en los que\u00a0\u00abhubo tres detenidos, entre ellos una alumna embarazada\u00bb.<\/p>\n<p>Tambi\u00e9n relataron que en medio de la protesta y de los forcejeos\u00a0\u00ablos efectivos comenzaron a reprimir con balas de goma y gases\u00bb\u00a0por lo que<strong>\u00a0<\/strong>\u00abhubo profesores heridos con balas de goma en su rostro\u00bb, denunciaron.<\/p>\n<p>El reclamo de la comunidad educativa del\u00a0profesorado terciario nocturno 103<strong>\u00a0<\/strong>ubicado en la<strong>\u00a0<\/strong>Unidad Acad\u00e9mica Villa Urbana de Villa Fiorito, fue por el robo que sufrieron en la noche del martes por ocho delincuentes que entraron armados a plena clase y amenazaron a docentes y alumnos.<\/p>\n<p>El robo ocurri\u00f3 el martes por la noche por una banda compuesta por ocho delincuentes quienes<strong>\u00a0<\/strong>ingresaron armados a la escuela y amenazaron a alumnos y docentes. Los ladrones\u00a0escaparon con objetos de valor y se llevaron bicicletas de los estudiantes y la moto de un maestro.<\/p>\n<p>En ese sentido, SUTEBA expres\u00f3 en un comunicado que: \u201cLuego de los episodios violentos del d\u00eda de ayer en el q fueron violentdxs y amenazadxs docentes y estudiantes del ISFD 103, se realiz\u00f3 una movilizaci\u00f3n de la comunidad educativa y organizaciones pol\u00edticas y sociales para exigir mejores condiciones de seguridad para ense\u00f1ar y aprender. En dicha manifestaci\u00f3n\u00a0la Polic\u00eda Bonaerense reprimi\u00f3 a lxs manifestantes en Puente la Noria\u201d.<\/p>\n<p>La gremial docente puso de relieve su compromiso en contra de la violencia institucional y agreg\u00f3: \u201cSostenemos que es necesario que las escuelas sean lugares de aprendizajes y de cuidados,<strong>\u00a0<\/strong>y ratificamos el derecho de los y las trabajadoras y las comunidades a manifestarnos\u201d, destacaron.<\/p>\n<p>A la vez, dirigentes de SUTEBA\u00a0se presentaron anoche en la puerta de la comisar\u00eda de Villa Centenario<strong>\u00a0<\/strong>donde reclamaron la liberaci\u00f3n de los docentes detenidos tras la represi\u00f3n.<\/p>\n<p>En ese contexto, la Asociaci\u00f3n de Profesionales de Salud de Lomas de Zamora (APSLZ \u2013 CICOP) manifest\u00f3 su absoluto repudio a los hechos de violencia: \u201cNos solidarizamos con lxs compa\u00f1erxs de la comunidad educativa y nos sumamos a la exigencia por la inmediata liberaci\u00f3n de todxs lxs detenidos\u201d.\u00a0<strong>(VW)<\/strong><\/p>\n<p>&nbsp;<\/p>\n","protected":false},"excerpt":{"rendered":"<p>Hay paro en las escuelas de Lomas este jueves 23. Profesores y estudiantes reclamaban por seguridad y fueron reprimidos por la polic\u00eda. El repudio a estos hechos es generalizado.<\/p>\n","protected":false},"author":4,"featured_media":6178,"comment_status":"closed","ping_status":"closed","sticky":false,"template":"","format":"standard","meta":{"_monsterinsights_skip_tracking":false,"_monsterinsights_sitenote_active":false,"_monsterinsights_sitenote_note":"","_monsterinsights_sitenote_category":0,"footnotes":""},"categories":[3,5],"tags":[2526,2524,2527,2525],"class_list":["post-6176","post","type-post","status-publish","format-standard","has-post-thumbnail","hentry","category-actualidad","category-sociedad","tag-docentes-reprimidos","tag-lomas-d-zamora","tag-policia-bonaerense","tag-represion-en-protesta"],"_links":{"self":[{"href":"https:\/\/www.visionweb.com.ar\/index.php?rest_route=\/wp\/v2\/posts\/6176","targetHints":{"allow":["GET"]}}],"collection":[{"href":"https:\/\/www.visionweb.com.ar\/index.php?rest_route=\/wp\/v2\/posts"}],"about":[{"href":"https:\/\/www.visionweb.com.ar\/index.php?rest_route=\/wp\/v2\/types\/post"}],"author":[{"embeddable":true,"href":"https:\/\/www.visionweb.com.ar\/index.php?rest_route=\/wp\/v2\/users\/4"}],"replies":[{"embeddable":true,"href":"https:\/\/www.visionweb.com.ar\/index.php?rest_route=%2Fwp%2Fv2%2Fcomments&post=6176"}],"version-history":[{"count":2,"href":"https:\/\/www.visionweb.com.ar\/index.php?rest_route=\/wp\/v2\/posts\/6176\/revisions"}],"predecessor-version":[{"id":6179,"href":"https:\/\/www.visionweb.com.ar\/index.php?rest_route=\/wp\/v2\/posts\/6176\/revisions\/6179"}],"wp:featuredmedia":[{"embeddable":true,"href":"https:\/\/www.visionweb.com.ar\/index.php?rest_route=\/wp\/v2\/media\/6178"}],"wp:attachment":[{"href":"https:\/\/www.visionweb.com.ar\/index.php?rest_route=%2Fwp%2Fv2%2Fmedia&parent=6176"}],"wp:term":[{"taxonomy":"category","embeddable":true,"href":"https:\/\/www.visionweb.com.ar\/index.php?rest_route=%2Fwp%2Fv2%2Fcategories&post=6176"},{"taxonomy":"post_tag","embeddable":true,"href":"https:\/\/www.visionweb.com.ar\/index.php?rest_route=%2Fwp%2Fv2%2Ftags&post=6176"}],"curies":[{"name":"wp","href":"https:\/\/api.w.org\/{rel}","templated":true}]}}