{"id":6172,"date":"2022-06-23T11:00:17","date_gmt":"2022-06-23T14:00:17","guid":{"rendered":"https:\/\/www.visionweb.com.ar\/?p=6172"},"modified":"2022-06-23T11:00:17","modified_gmt":"2022-06-23T14:00:17","slug":"lanus-el-municipio-en-tu-barrio-estara-en-plaza-sarmiento","status":"publish","type":"post","link":"https:\/\/www.visionweb.com.ar\/?p=6172","title":{"rendered":"Lan\u00fas: \u201cEl Municipio en tu Barrio\u201d estar\u00e1 en Plaza Sarmiento"},"content":{"rendered":"<p><em><strong>El viernes 24 de junio de 9 a 12.30, habr\u00e1 una jornada con diferentes servicios de distintas \u00e1reas del Municipio, como Salud, Defensa Civil, y Desarrollo Social.<\/strong><\/em><!--more--><\/p>\n<p><strong><img loading=\"lazy\" decoding=\"async\" class=\"size-medium wp-image-6174 alignright\" src=\"https:\/\/www.visionweb.com.ar\/wp-content\/uploads\/2022\/06\/EL-MUNICIPIO-EN-TU-BARRIO-PLAZA-SARMIENTO-300x300.jpg\" alt=\"\" width=\"300\" height=\"300\" srcset=\"https:\/\/www.visionweb.com.ar\/wp-content\/uploads\/2022\/06\/EL-MUNICIPIO-EN-TU-BARRIO-PLAZA-SARMIENTO-300x300.jpg 300w, https:\/\/www.visionweb.com.ar\/wp-content\/uploads\/2022\/06\/EL-MUNICIPIO-EN-TU-BARRIO-PLAZA-SARMIENTO-150x150.jpg 150w, https:\/\/www.visionweb.com.ar\/wp-content\/uploads\/2022\/06\/EL-MUNICIPIO-EN-TU-BARRIO-PLAZA-SARMIENTO-80x80.jpg 80w, https:\/\/www.visionweb.com.ar\/wp-content\/uploads\/2022\/06\/EL-MUNICIPIO-EN-TU-BARRIO-PLAZA-SARMIENTO-320x320.jpg 320w, https:\/\/www.visionweb.com.ar\/wp-content\/uploads\/2022\/06\/EL-MUNICIPIO-EN-TU-BARRIO-PLAZA-SARMIENTO-65x65.jpg 65w, https:\/\/www.visionweb.com.ar\/wp-content\/uploads\/2022\/06\/EL-MUNICIPIO-EN-TU-BARRIO-PLAZA-SARMIENTO.jpg 492w\" sizes=\"auto, (max-width: 300px) 100vw, 300px\" \/>E<\/strong>l Municipio de Lan\u00fas organiz\u00f3 un nuevo operativo integral de \u00a0\u201cEl Municipio en tu Barrio\u201d, que se desarrollar\u00e1 ma\u00f1ana viernes 24 en la Plaza Sarmiento (Avenida 9 de Julio, Guidi, Ituzaing\u00f3 y Ferr\u00e9) en el marco del cl\u00e1sico programa, cuyo objetivo es facilitar el acceso a diferentes sectores del Estado local.<\/p>\n<p>En el horario de 9 a 12.30, las familias encontrar\u00e1n postas de Salud (vacunaci\u00f3n, enfermer\u00eda y medicina cl\u00ednica), Defensa Civil (capacitaci\u00f3n en RCP) y Desarrollo Social (asesoramiento en Asistencia Cr\u00edtica, Plan M\u00e1s Vida, G\u00e9nero, Ni\u00f1ez, Discapacidad y Adultos Mayores), conforme indic\u00f3 Prensa de Lan\u00fas.<\/p>\n<p>Adem\u00e1s, personal del \u00e1rea entregar\u00e1 un total de 1000 lamparitas de bajo consumo (4 por cada familia) y dictar\u00e1 charlas en escuelas que incluyen tem\u00e1ticas ligadas a Vialidad (nivel inicial), Punto Verde y Reciclaje (nivel primario) y RCP y Empleo (nivel secundario).<\/p>\n<p>Asimismo, se podr\u00e1n llevar residuos limpios y secos para su reciclaje y reutilizaci\u00f3n en el Punto Verde M\u00f3vil, como as\u00ed tambi\u00e9n, se har\u00e1n tareas de limpieza y fumigaci\u00f3n a cargo del personal de Servicios P\u00fablicos.<\/p>\n<p>Por otra parte, personal de\u00a0la Secretar\u00eda de Gobierno dar\u00e1 informaci\u00f3n sobre escrituraci\u00f3n y regulaci\u00f3n dominial, y el equipo de Empleo despejar\u00e1\u00a0dudas sobre el uso del portal de internet.<\/p>\n<p>La Secretar\u00eda de Coordinaci\u00f3n Gubernamental y Asuntos Legislativos, la Direcci\u00f3n de Defensa al Consumidor, la \u00a0Subsecretar\u00eda de Justicia, la Direcci\u00f3n General de Relaciones con la Comunidad \u00a0y Vialidad ser\u00e1n el resto de las \u00e1reas presentes. <strong>(VW)<\/strong><\/p>\n<p>&nbsp;<\/p>\n","protected":false},"excerpt":{"rendered":"<p>El viernes 24 de junio de 9 a 12.30, habr\u00e1 una jornada con diferentes servicios de distintas \u00e1reas del Municipio, como Salud, Defensa Civil, y Desarrollo Social.<\/p>\n","protected":false},"author":4,"featured_media":6174,"comment_status":"closed","ping_status":"closed","sticky":false,"template":"","format":"standard","meta":{"_monsterinsights_skip_tracking":false,"_monsterinsights_sitenote_active":false,"_monsterinsights_sitenote_note":"","_monsterinsights_sitenote_category":0,"footnotes":""},"categories":[8,5],"tags":[2522,19,2523],"class_list":["post-6172","post","type-post","status-publish","format-standard","has-post-thumbnail","hentry","category-interes-general","category-sociedad","tag-el-municipio-en-tu-barrio","tag-lanus","tag-plaza-sarmiento"],"_links":{"self":[{"href":"https:\/\/www.visionweb.com.ar\/index.php?rest_route=\/wp\/v2\/posts\/6172","targetHints":{"allow":["GET"]}}],"collection":[{"href":"https:\/\/www.visionweb.com.ar\/index.php?rest_route=\/wp\/v2\/posts"}],"about":[{"href":"https:\/\/www.visionweb.com.ar\/index.php?rest_route=\/wp\/v2\/types\/post"}],"author":[{"embeddable":true,"href":"https:\/\/www.visionweb.com.ar\/index.php?rest_route=\/wp\/v2\/users\/4"}],"replies":[{"embeddable":true,"href":"https:\/\/www.visionweb.com.ar\/index.php?rest_route=%2Fwp%2Fv2%2Fcomments&post=6172"}],"version-history":[{"count":2,"href":"https:\/\/www.visionweb.com.ar\/index.php?rest_route=\/wp\/v2\/posts\/6172\/revisions"}],"predecessor-version":[{"id":6175,"href":"https:\/\/www.visionweb.com.ar\/index.php?rest_route=\/wp\/v2\/posts\/6172\/revisions\/6175"}],"wp:featuredmedia":[{"embeddable":true,"href":"https:\/\/www.visionweb.com.ar\/index.php?rest_route=\/wp\/v2\/media\/6174"}],"wp:attachment":[{"href":"https:\/\/www.visionweb.com.ar\/index.php?rest_route=%2Fwp%2Fv2%2Fmedia&parent=6172"}],"wp:term":[{"taxonomy":"category","embeddable":true,"href":"https:\/\/www.visionweb.com.ar\/index.php?rest_route=%2Fwp%2Fv2%2Fcategories&post=6172"},{"taxonomy":"post_tag","embeddable":true,"href":"https:\/\/www.visionweb.com.ar\/index.php?rest_route=%2Fwp%2Fv2%2Ftags&post=6172"}],"curies":[{"name":"wp","href":"https:\/\/api.w.org\/{rel}","templated":true}]}}