{"id":6153,"date":"2022-06-22T10:00:30","date_gmt":"2022-06-22T13:00:30","guid":{"rendered":"https:\/\/www.visionweb.com.ar\/?p=6153"},"modified":"2022-06-22T10:00:30","modified_gmt":"2022-06-22T13:00:30","slug":"acumar-ultimas-semanas-para-participar-en-los-concursos-educativos","status":"publish","type":"post","link":"https:\/\/www.visionweb.com.ar\/?p=6153","title":{"rendered":"ACUMAR: \u00daltimas semanas para participar en los concursos educativos"},"content":{"rendered":"<p><em><strong>Hay concursos de escritura, dibujo y freestyle para estudiantes de escuelas de todas las jurisdicciones de la Cuenca. El objetivo es promover en la comunidad educativa la reflexi\u00f3n sobre tem\u00e1ticas ambientales y la importancia de cuidar el ambiente.<\/strong><\/em><!--more--><\/p>\n<p><strong> <img loading=\"lazy\" decoding=\"async\" class=\"size-full wp-image-6155 aligncenter\" src=\"https:\/\/www.visionweb.com.ar\/wp-content\/uploads\/2022\/06\/acumar-concursos.bmp\" alt=\"\" width=\"658\" height=\"382\" \/>\u00a0\u00a0\u00a0\u00a0\u00a0\u00a0 L<\/strong>a Autoridad de Cuenca Matanza Riachuelo (ACUMAR) inform\u00f3 que sigue abierta hasta el 15 de julio, la recepci\u00f3n de producciones de estudiantes de los niveles inicial, primario y secundario, as\u00ed como de Educaci\u00f3n Especial, para participar en los concursos educativos y art\u00edsticos ambientales edici\u00f3n 2022.<\/p>\n<p>La inscripci\u00f3n y el env\u00edo de las obras participantes es de manera completamente virtual. Pueden participar instituciones educativas adheridas al programa\u00a0<a href=\"https:\/\/acumar.tr.pemsv06.net\/c\/eyJhIjoiYWN1bWFyIiwibSI6Im1haWxfY2w0b285Nzc3bG45ZzA5MjhzeWVzemxmbiIsImwiOiJsaW5rXzUwZGI3ODc1NzIyY2VhMDBjYjBjMDYwNzhmNDE3ZjNhNDI4YjZkNGQiLCJpIjpbXSwidSI6Imh0dHBzOi8vd3d3LmFjdW1hci5nb2IuYXIvZWR1Y2FjaW9uLWFtYmllbnRhbC9lc2N1ZWxhcy1wb3ItbGEtY3VlbmNhLyIsImMiOiIiLCJoIjoiODJmYzcxIn0\">Escuelas por la Cuenca<\/a>, que pertenezcan a las jurisdicciones que integran este territorio.<\/p>\n<p>Los municipios son: de Almirante Brown, Avellaneda, Ca\u00f1uelas, Esteban Echeverr\u00eda, Ezeiza, General Las Heras, La Matanza, Lan\u00fas, Lomas de Zamora, Marcos Paz, Merlo, Mor\u00f3n, Presidente Per\u00f3n y San Vicente; y la Ciudad Aut\u00f3noma de Buenos Aires, conforme indic\u00f3 Prensa de ACUMAR.<\/p>\n<p>El objetivo de los concursos es promover en la comunidad educativa la reflexi\u00f3n sobre tem\u00e1ticas ambientales y la importancia de cuidar el ambiente, a trav\u00e9s de la invitaci\u00f3n a expresar sus percepciones sobre el territorio de la Cuenca. Se puede participar en las siguientes disciplinas art\u00edsticas:<\/p>\n<p><a href=\"https:\/\/acumar.tr.pemsv06.net\/c\/eyJhIjoiYWN1bWFyIiwibSI6Im1haWxfY2w0b285Nzc3bG45ZzA5MjhzeWVzemxmbiIsImwiOiJsaW5rX2M2ZDRiMWY1ZDU5MzM1MGE0MjU4ZmQzZTE0MmY3MGU0YzZjNWJjN2UiLCJpIjpbXSwidSI6Imh0dHBzOi8vd3d3LmFjdW1hci5nb2IuYXIvZWR1Y2FjaW9uLWFtYmllbnRhbC9jb25jdXJzb3MvY3VlbmNhLWVuLWNvbG9yZXMvIiwiYyI6IiIsImgiOiIzODY5MmMifQ\"><strong>&#8211; Concurso de dibujos<\/strong><\/a>\u00a0\u201cCuenca en Colores\u201d: destinado a estudiantes de Educaci\u00f3n Inicial, Educaci\u00f3n Primaria (1er ciclo) y de Educaci\u00f3n Especial. Los dibujos ganadores formar\u00e1n parte del calendario ambiental de\u00a0ACUMAR\u00a02023.<\/p>\n<p><a href=\"https:\/\/acumar.tr.pemsv06.net\/c\/eyJhIjoiYWN1bWFyIiwibSI6Im1haWxfY2w0b285Nzc3bG45ZzA5MjhzeWVzemxmbiIsImwiOiJsaW5rX2NlMjc0NTI2ZWRjOGY2MTEwZDExMWNkNWVhODQ1Y2NiZmNlYjU4NjEiLCJpIjpbXSwidSI6Imh0dHBzOi8vd3d3LmFjdW1hci5nb2IuYXIvZWR1Y2FjaW9uLWFtYmllbnRhbC9jb25jdXJzb3MvaGlzdG9yaWFzLWRlLW1pLWN1ZW5jYS8iLCJjIjoiIiwiaCI6IjRhZjkzYSJ9\"><strong>&#8211; Concurso literario<\/strong><\/a>\u00a0\u201cHistorias de mi Cuenca\u201d: convoca a estudiantes de Educaci\u00f3n Primaria (2do ciclo) y estudiantes de 1\u00b0, 2\u00b0 y 3\u00b0 a\u00f1o de Educaci\u00f3n Secundaria. Las obras seleccionadas, que pueden ser poes\u00edas, micro relatos, f\u00e1bulas, leyendas o cuentos, integrar\u00e1n un libro editado porACUMAR.<\/p>\n<p><a href=\"https:\/\/acumar.tr.pemsv06.net\/c\/eyJhIjoiYWN1bWFyIiwibSI6Im1haWxfY2w0b285Nzc3bG45ZzA5MjhzeWVzemxmbiIsImwiOiJsaW5rX2YyNzU2NzgxY2Q0YTUwZGJmZmZmNGRjOWNjZDBhY2Q1ZTdhNTc1ODYiLCJpIjpbXSwidSI6Imh0dHBzOi8vd3d3LmFjdW1hci5nb2IuYXIvZWR1Y2FjaW9uLWFtYmllbnRhbC9jb25jdXJzb3MvYWx6YW5kby1sYS12b3ovIiwiYyI6IiIsImgiOiI3MTE3ZTAifQ\"><strong>&#8211; Concurso de freestyle<\/strong><\/a>\u00a0\u201cAlzando la Voz x la Cuenca\u201d: invita a estudiantes de Educaci\u00f3n Secundaria a crear un tema de trap, rap o freestyle con la tem\u00e1tica ambiental en la Cuenca Matanza Riachuelo presentado en formato de video.<\/p>\n<p>En los concursos de la edici\u00f3n 2021, m\u00e1s de 1100 estudiantes presentaron m\u00e1s de 400 obras que realizaron junto a sus docentes. Se pueden conocer y descargar el\u00a0<a href=\"https:\/\/acumar.tr.pemsv06.net\/c\/eyJhIjoiYWN1bWFyIiwibSI6Im1haWxfY2w0b285Nzc3bG45ZzA5MjhzeWVzemxmbiIsImwiOiJsaW5rXzU2NTE1OTU1NGQ4NDQwNTEyYzJmODQ3ZGI1YjkwY2MzMDlkNDU5NGIiLCJpIjpbXSwidSI6Imh0dHBzOi8vd3d3LmFjdW1hci5nb2IuYXIvcHJlbnNhL2NhbGVuZGFyaW8tMjAyMi8iLCJjIjoiIiwiaCI6Ijk3NDQ5NyJ9\">Calendario 2022<\/a>, el\u00a0<a href=\"https:\/\/acumar.tr.pemsv06.net\/c\/eyJhIjoiYWN1bWFyIiwibSI6Im1haWxfY2w0b285Nzc3bG45ZzA5MjhzeWVzemxmbiIsImwiOiJsaW5rXzBlNzNlNjM5ZGFiOTc1M2M4ZWNmN2YwOWEwNzVkZDk2MzJmZTg4MzYiLCJpIjpbXSwidSI6Imh0dHBzOi8vd3d3LmFjdW1hci5nb2IuYXIvcHJlbnNhL2xpYnJvLWN1ZW50b3MtaGlzdG9yaWFzLWN1ZW5jYS0yMDIxLyIsImMiOiIiLCJoIjoiNjk1Njc4In0\">libro de cuentos Historias de mi Cuenca<\/a>\u00a0y cuatro\u00a0<a href=\"https:\/\/acumar.tr.pemsv06.net\/c\/eyJhIjoiYWN1bWFyIiwibSI6Im1haWxfY2w0b285Nzc3bG45ZzA5MjhzeWVzemxmbiIsImwiOiJsaW5rX2RjMmRjNzYxNGQ4YmM3MGYyMzA3MTY0YzRhMDk1NjUyODI1NDUxOWQiLCJpIjpbXSwidSI6Imh0dHBzOi8vd3d3LnlvdXR1YmUuY29tL3dhdGNoP3Y9T21HZDhzamRjUTAiLCJjIjoiIiwiaCI6IjQwODFmYiJ9\">videos musicales<\/a>, producidos con las obras seleccionadas.<\/p>\n<p>Programa Escuelas por la Cuenca:<\/p>\n<p>Escuelas por la Cuenca es una iniciativa que brinda propuestas y herramientas para que las escuelas de la Cuenca puedan incluir la educaci\u00f3n ambiental y el compromiso con el cuidado del ambiente como parte de los contenidos que trabajan con sus estudiantes. La convocatoria mantiene la inscripci\u00f3n abierta durante todo el a\u00f1o lectivo.<\/p>\n<p>&#8211; Inscripci\u00f3n en Escuelas por la Cuenca:\u00a0<a href=\"https:\/\/acumar.tr.pemsv06.net\/c\/eyJhIjoiYWN1bWFyIiwibSI6Im1haWxfY2w0b285Nzc3bG45ZzA5MjhzeWVzemxmbiIsImwiOiJsaW5rX2Q0ZjY3MDFjZDlkMTE3MGE2OGUxZTI4ZWNlMGVmYjczYTM4YWJmNzEiLCJpIjpbXSwidSI6Imh0dHBzOi8vZG9jcy5nb29nbGUuY29tL2Zvcm1zL2QvZS8xRkFJcFFMU2RoYVhxVUJjbFhkMnFWUVZPMEJvWmw5V0lmMFkxYWRfQ1F6b1FaelRSaXptcDdfQS92aWV3Zm9ybSIsImMiOiIiLCJoIjoiNzIyYjUzIn0\">aqu\u00ed<\/a>.<\/p>\n<p>&#8211; Inscripci\u00f3n en los Concursos:\u00a0<a href=\"https:\/\/acumar.tr.pemsv06.net\/c\/eyJhIjoiYWN1bWFyIiwibSI6Im1haWxfY2w0b285Nzc3bG45ZzA5MjhzeWVzemxmbiIsImwiOiJsaW5rXzJmYjNiODk2N2Q1NjA2NGEyYTUyNTRiM2UzZmYwOWY4ZDYxYTU4ZWMiLCJpIjpbXSwidSI6Imh0dHBzOi8vd3d3LmFjdW1hci5nb2IuYXIvZWR1Y2FjaW9uLWFtYmllbnRhbC9jb25jdXJzb3MvIiwiYyI6IiIsImgiOiJiN2JjZTIifQ\">aqu\u00ed<\/a>.<\/p>\n<p>Para m\u00e1s informaci\u00f3n contactarse a\u00a0<a href=\"mailto:escuelasporlacuenca@acumar.gob.ar\">escuelasporlacuenca@acumar.gob.ar<\/a><\/p>\n<p>o por WhastApp al 11-6095-3274. <strong>(VW)<\/strong><\/p>\n<p>&nbsp;<\/p>\n","protected":false},"excerpt":{"rendered":"<p>Hay concursos de escritura, dibujo y freestyle para estudiantes de escuelas de todas las jurisdicciones de la Cuenca. El objetivo es promover en la comunidad educativa la reflexi\u00f3n sobre tem\u00e1ticas ambientales y la importancia&#46;&#46;&#46;<\/p>\n","protected":false},"author":4,"featured_media":6155,"comment_status":"closed","ping_status":"closed","sticky":false,"template":"","format":"standard","meta":{"_monsterinsights_skip_tracking":false,"_monsterinsights_sitenote_active":false,"_monsterinsights_sitenote_note":"","_monsterinsights_sitenote_category":0,"footnotes":""},"categories":[7,8],"tags":[442,2513,2514],"class_list":["post-6153","post","type-post","status-publish","format-standard","has-post-thumbnail","hentry","category-educacion-y-cultura","category-interes-general","tag-acumar","tag-concursos-educativos","tag-concursos-escuelas"],"_links":{"self":[{"href":"https:\/\/www.visionweb.com.ar\/index.php?rest_route=\/wp\/v2\/posts\/6153","targetHints":{"allow":["GET"]}}],"collection":[{"href":"https:\/\/www.visionweb.com.ar\/index.php?rest_route=\/wp\/v2\/posts"}],"about":[{"href":"https:\/\/www.visionweb.com.ar\/index.php?rest_route=\/wp\/v2\/types\/post"}],"author":[{"embeddable":true,"href":"https:\/\/www.visionweb.com.ar\/index.php?rest_route=\/wp\/v2\/users\/4"}],"replies":[{"embeddable":true,"href":"https:\/\/www.visionweb.com.ar\/index.php?rest_route=%2Fwp%2Fv2%2Fcomments&post=6153"}],"version-history":[{"count":2,"href":"https:\/\/www.visionweb.com.ar\/index.php?rest_route=\/wp\/v2\/posts\/6153\/revisions"}],"predecessor-version":[{"id":6156,"href":"https:\/\/www.visionweb.com.ar\/index.php?rest_route=\/wp\/v2\/posts\/6153\/revisions\/6156"}],"wp:featuredmedia":[{"embeddable":true,"href":"https:\/\/www.visionweb.com.ar\/index.php?rest_route=\/wp\/v2\/media\/6155"}],"wp:attachment":[{"href":"https:\/\/www.visionweb.com.ar\/index.php?rest_route=%2Fwp%2Fv2%2Fmedia&parent=6153"}],"wp:term":[{"taxonomy":"category","embeddable":true,"href":"https:\/\/www.visionweb.com.ar\/index.php?rest_route=%2Fwp%2Fv2%2Fcategories&post=6153"},{"taxonomy":"post_tag","embeddable":true,"href":"https:\/\/www.visionweb.com.ar\/index.php?rest_route=%2Fwp%2Fv2%2Ftags&post=6153"}],"curies":[{"name":"wp","href":"https:\/\/api.w.org\/{rel}","templated":true}]}}