{"id":6146,"date":"2022-06-22T09:20:01","date_gmt":"2022-06-22T12:20:01","guid":{"rendered":"https:\/\/www.visionweb.com.ar\/?p=6146"},"modified":"2022-06-22T09:20:01","modified_gmt":"2022-06-22T12:20:01","slug":"la-provincia-trabaja-junto-a-municipios-para-elaborar-presupuestos-con-perspectiva-de-genero","status":"publish","type":"post","link":"https:\/\/www.visionweb.com.ar\/?p=6146","title":{"rendered":"La Provincia trabaja junto a municipios para elaborar presupuestos con perspectiva de g\u00e9nero"},"content":{"rendered":"<p><strong><em>Con el objetivo de\u00a0que los distritos aborden\u00a0sus presupuestos\u00a0utilizando instrumentos de dise\u00f1o, an\u00e1lisis y gesti\u00f3n de las pol\u00edticas p\u00fablicas que ayuden a cerrar brechas de desigualdad.<\/em><\/strong><!--more--><\/p>\n<p><strong>\u00a0 \u00a0 \u00a0 <img loading=\"lazy\" decoding=\"async\" class=\"size-medium wp-image-6147 alignleft\" src=\"https:\/\/www.visionweb.com.ar\/wp-content\/uploads\/2022\/06\/PERSPECTIVA-DE-GENERO-300x157.png\" alt=\"\" width=\"300\" height=\"157\" srcset=\"https:\/\/www.visionweb.com.ar\/wp-content\/uploads\/2022\/06\/PERSPECTIVA-DE-GENERO-300x157.png 300w, https:\/\/www.visionweb.com.ar\/wp-content\/uploads\/2022\/06\/PERSPECTIVA-DE-GENERO.png 698w\" sizes=\"auto, (max-width: 300px) 100vw, 300px\" \/>L<\/strong>a Unidad de G\u00e9nero y Econom\u00eda (UGE) del Ministerio de Hacienda y Finanzas de la provincia de Buenos Aires, en colaboraci\u00f3n con el Ministerio de las Mujeres, Pol\u00edticas de G\u00e9nero y Diversidad Sexual, encabez\u00f3 en el municipio de Alberti una jornada sobre elaboraci\u00f3n de presupuestos con perspectiva de g\u00e9nero.<\/p>\n<p>La responsable de la Unidad de G\u00e9nero y Econom\u00eda del Ministerio de Hacienda y Finanzas, Laura Lombard\u00eda, y parte del equipo de la UGE encabezaron la jornada que es el puntapi\u00e9 inicial del taller de Sensibilizaci\u00f3n en Presupuesto con Perspectiva de G\u00e9nero, y que tiene por objetivo promover la transversalidad de la perspectiva de g\u00e9nero en el ciclo presupuestario de los municipios.<\/p>\n<p>A trav\u00e9s de estas capacitaciones se busca que los gobiernos municipales puedan abordar sus presupuestos anuales con perspectiva de g\u00e9nero, utilizando instrumentos de dise\u00f1o, an\u00e1lisis y gesti\u00f3n de las pol\u00edticas p\u00fablicas que ayuden a cerrar las brechas de desigualdad.<\/p>\n<h3 style=\"text-align: center;\"><span style=\"color: #0000ff;\"><strong><em>El 2,4% del Presupuesto provincial se asigna al \u00e1rea de Perspectiva de Genero<\/em><\/strong><\/span><\/h3>\n<p>El encuentro presencial en el distrito busca introducir en la tem\u00e1tica que luego se profundizar\u00e1 mediante una capacitaci\u00f3n asincr\u00f3nica y autoasistida a trav\u00e9s del aula virtual de la Escuela de Econom\u00eda y Gesti\u00f3n para el Desarrollo Local del Ministerio de Hacienda y Finanzas. Quienes realicen el curso recibir\u00e1n una certificaci\u00f3n del Instituto Provincial de la Administraci\u00f3n P\u00fablica (IPAP).<\/p>\n<p>Cabe recordar que el Presupuesto 2022 de la Provincia es el primero con Perspectiva de G\u00e9nero. Invertir\u00e1 $74.731 millones, lo que representa el 2,4 % del presupuesto total, en pol\u00edticas que buscan reducir brechas de g\u00e9nero. Son 57 actividades presupuestarias que ejecutan 11 organismos de la administraci\u00f3n p\u00fablica provincial.<\/p>\n<p>Del taller participaron, por la Unidad de G\u00e9nero y Econom\u00eda, Camila Cabandi\u00e9; de parte del Municipio de Alberti, la directora de G\u00e9nero, Magdalena Cremonte; la subsecretaria de Gobierno, Daniela Albizzatti; la secretaria de Auditor\u00eda y Presupuesto, Emelina Giannini y el secretario de Gobierno, Ariel Scolari; y por el Ministerio de Hacienda y Finanzas, Sergio Bonfiglio, director de Sistemas de Informaci\u00f3n Econ\u00f3mica y Financiera Municipal<strong>(VW)<\/strong>.<\/p>\n","protected":false},"excerpt":{"rendered":"<p>Con el objetivo de\u00a0que los distritos aborden\u00a0sus presupuestos\u00a0utilizando instrumentos de dise\u00f1o, an\u00e1lisis y gesti\u00f3n de las pol\u00edticas p\u00fablicas que ayuden a cerrar brechas de desigualdad.<\/p>\n","protected":false},"author":3,"featured_media":6147,"comment_status":"closed","ping_status":"closed","sticky":false,"template":"","format":"standard","meta":{"_monsterinsights_skip_tracking":false,"_monsterinsights_sitenote_active":false,"_monsterinsights_sitenote_note":"","_monsterinsights_sitenote_category":0,"footnotes":""},"categories":[5],"tags":[2510,2509,78],"class_list":["post-6146","post","type-post","status-publish","format-standard","has-post-thumbnail","hentry","category-sociedad","tag-capacitaciones","tag-perspectiva-de-genero","tag-presupuesto"],"_links":{"self":[{"href":"https:\/\/www.visionweb.com.ar\/index.php?rest_route=\/wp\/v2\/posts\/6146","targetHints":{"allow":["GET"]}}],"collection":[{"href":"https:\/\/www.visionweb.com.ar\/index.php?rest_route=\/wp\/v2\/posts"}],"about":[{"href":"https:\/\/www.visionweb.com.ar\/index.php?rest_route=\/wp\/v2\/types\/post"}],"author":[{"embeddable":true,"href":"https:\/\/www.visionweb.com.ar\/index.php?rest_route=\/wp\/v2\/users\/3"}],"replies":[{"embeddable":true,"href":"https:\/\/www.visionweb.com.ar\/index.php?rest_route=%2Fwp%2Fv2%2Fcomments&post=6146"}],"version-history":[{"count":1,"href":"https:\/\/www.visionweb.com.ar\/index.php?rest_route=\/wp\/v2\/posts\/6146\/revisions"}],"predecessor-version":[{"id":6148,"href":"https:\/\/www.visionweb.com.ar\/index.php?rest_route=\/wp\/v2\/posts\/6146\/revisions\/6148"}],"wp:featuredmedia":[{"embeddable":true,"href":"https:\/\/www.visionweb.com.ar\/index.php?rest_route=\/wp\/v2\/media\/6147"}],"wp:attachment":[{"href":"https:\/\/www.visionweb.com.ar\/index.php?rest_route=%2Fwp%2Fv2%2Fmedia&parent=6146"}],"wp:term":[{"taxonomy":"category","embeddable":true,"href":"https:\/\/www.visionweb.com.ar\/index.php?rest_route=%2Fwp%2Fv2%2Fcategories&post=6146"},{"taxonomy":"post_tag","embeddable":true,"href":"https:\/\/www.visionweb.com.ar\/index.php?rest_route=%2Fwp%2Fv2%2Ftags&post=6146"}],"curies":[{"name":"wp","href":"https:\/\/api.w.org\/{rel}","templated":true}]}}