{"id":6135,"date":"2022-06-21T14:24:18","date_gmt":"2022-06-21T17:24:18","guid":{"rendered":"https:\/\/www.visionweb.com.ar\/?p=6135"},"modified":"2022-06-21T14:24:18","modified_gmt":"2022-06-21T17:24:18","slug":"previaje-3-a-principios-de-julio-lanzaran-el-programa","status":"publish","type":"post","link":"https:\/\/www.visionweb.com.ar\/?p=6135","title":{"rendered":"Previaje 3: A principios de julio lanzar\u00e1n el programa"},"content":{"rendered":"<p><em><strong>Adem\u00e1s el Gobierno confirm\u00f3 las fechas para viajar: desde el 15 de agosto hasta el 15 de diciembre.<\/strong><\/em><!--more--><\/p>\n<p><strong> <img loading=\"lazy\" decoding=\"async\" class=\"size-medium wp-image-6137 alignleft\" src=\"https:\/\/www.visionweb.com.ar\/wp-content\/uploads\/2022\/06\/cataratas-300x263.jpg\" alt=\"\" width=\"300\" height=\"263\" srcset=\"https:\/\/www.visionweb.com.ar\/wp-content\/uploads\/2022\/06\/cataratas-300x263.jpg 300w, https:\/\/www.visionweb.com.ar\/wp-content\/uploads\/2022\/06\/cataratas.jpg 481w\" sizes=\"auto, (max-width: 300px) 100vw, 300px\" \/>L<\/strong>a tercera edici\u00f3n del Programa Previaje estar\u00e1 disponible desde principios de julio. El objetivo de las autoridades del gobierno es fomentar e impulsar el turismo en media y baja temporada para los principales destinos nacionales.<\/p>\n<p>Si bien se conocer\u00e1n detalles oficiales la semana pr\u00f3xima, el ministro de Turismo y Deportes, Mat\u00edas Lammens, asegur\u00f3 que la pr\u00f3xima edici\u00f3n se extender\u00e1 desde el 15 de agosto hasta diciembre.<\/p>\n<p>A pocas horas de la culminaci\u00f3n del finde super largo, con gran impacto en el turismo nacional, Lammens esta ma\u00f1ana, cont\u00f3 a Radio 10: \u201cA partir del 15 de agosto hasta el 15 de diciembre van a tener la posibilidad de viajar quienes contraten cualquier paquete tur\u00edstico o cualquier servicio de hoteler\u00eda durante el lapso que dure el programa\u201d.<\/p>\n<p><a href=\"https:\/\/www.visionweb.com.ar\/wp-content\/uploads\/2022\/06\/islote-lobos-rio-negro-colonia-de-lobos.bmp\"><img loading=\"lazy\" decoding=\"async\" class=\"size-full wp-image-6138 aligncenter\" src=\"https:\/\/www.visionweb.com.ar\/wp-content\/uploads\/2022\/06\/islote-lobos-rio-negro-colonia-de-lobos.bmp\" alt=\"\" width=\"533\" height=\"324\" \/><\/a>A la vez, el funcionario explic\u00f3: \u201cEstamos terminando de ajustar algunas cuestiones presupuestarias, pero la idea es que a fines de este mes y principios de julio estemos lanzando la tercera edici\u00f3n del Pre Viaje\u201d.<\/p>\n<p>Cabe recordar que el programa reintegra el 50 por ciento del valor del viaje en cr\u00e9dito disponible para utilizarse en destinos de Argentina<strong>.<\/strong> A diferencia que las ediciones anteriores, que ofrec\u00edan cr\u00e9dito para viajar durante todo el a\u00f1o, esta promoci\u00f3n III, podr\u00e1 ser utilizada luego de las vacaciones de invierno. <strong>(VW)<\/strong><\/p>\n<p><strong>\u00a0<\/strong><\/p>\n","protected":false},"excerpt":{"rendered":"<p>Adem\u00e1s el Gobierno confirm\u00f3 las fechas para viajar: desde el 15 de agosto hasta el 15 de diciembre.<\/p>\n","protected":false},"author":4,"featured_media":6138,"comment_status":"closed","ping_status":"closed","sticky":false,"template":"","format":"standard","meta":{"_monsterinsights_skip_tracking":false,"_monsterinsights_sitenote_active":false,"_monsterinsights_sitenote_note":"","_monsterinsights_sitenote_category":0,"footnotes":""},"categories":[4,700],"tags":[263,2118,2503],"class_list":["post-6135","post","type-post","status-publish","format-standard","has-post-thumbnail","hentry","category-politica","category-turismo","tag-lammens","tag-previaje-iii","tag-turismo-nacional"],"_links":{"self":[{"href":"https:\/\/www.visionweb.com.ar\/index.php?rest_route=\/wp\/v2\/posts\/6135","targetHints":{"allow":["GET"]}}],"collection":[{"href":"https:\/\/www.visionweb.com.ar\/index.php?rest_route=\/wp\/v2\/posts"}],"about":[{"href":"https:\/\/www.visionweb.com.ar\/index.php?rest_route=\/wp\/v2\/types\/post"}],"author":[{"embeddable":true,"href":"https:\/\/www.visionweb.com.ar\/index.php?rest_route=\/wp\/v2\/users\/4"}],"replies":[{"embeddable":true,"href":"https:\/\/www.visionweb.com.ar\/index.php?rest_route=%2Fwp%2Fv2%2Fcomments&post=6135"}],"version-history":[{"count":2,"href":"https:\/\/www.visionweb.com.ar\/index.php?rest_route=\/wp\/v2\/posts\/6135\/revisions"}],"predecessor-version":[{"id":6139,"href":"https:\/\/www.visionweb.com.ar\/index.php?rest_route=\/wp\/v2\/posts\/6135\/revisions\/6139"}],"wp:featuredmedia":[{"embeddable":true,"href":"https:\/\/www.visionweb.com.ar\/index.php?rest_route=\/wp\/v2\/media\/6138"}],"wp:attachment":[{"href":"https:\/\/www.visionweb.com.ar\/index.php?rest_route=%2Fwp%2Fv2%2Fmedia&parent=6135"}],"wp:term":[{"taxonomy":"category","embeddable":true,"href":"https:\/\/www.visionweb.com.ar\/index.php?rest_route=%2Fwp%2Fv2%2Fcategories&post=6135"},{"taxonomy":"post_tag","embeddable":true,"href":"https:\/\/www.visionweb.com.ar\/index.php?rest_route=%2Fwp%2Fv2%2Ftags&post=6135"}],"curies":[{"name":"wp","href":"https:\/\/api.w.org\/{rel}","templated":true}]}}