{"id":6120,"date":"2022-06-21T08:35:07","date_gmt":"2022-06-21T11:35:07","guid":{"rendered":"https:\/\/www.visionweb.com.ar\/?p=6120"},"modified":"2022-06-21T00:09:35","modified_gmt":"2022-06-21T03:09:35","slug":"legisladores-de-la-oposicion-piden-reformar-la-constitucion-bonaerense","status":"publish","type":"post","link":"https:\/\/www.visionweb.com.ar\/?p=6120","title":{"rendered":"Legisladores de la oposici\u00f3n piden reformar la constituci\u00f3n bonaerense"},"content":{"rendered":"<p><strong><em>S\u00ed la iniciativa se aprueba, en la provincia de Buenos Aires habr\u00eda elecciones cada cuatro a\u00f1os y quedar\u00edan eliminadas las de t\u00e9rmino medio.<\/em><\/strong>\u00a0 <!--more--><\/p>\n<div id=\"attachment_6121\" style=\"width: 310px\" class=\"wp-caption alignright\"><img loading=\"lazy\" decoding=\"async\" aria-describedby=\"caption-attachment-6121\" class=\"wp-image-6121 size-medium\" src=\"https:\/\/www.visionweb.com.ar\/wp-content\/uploads\/2022\/06\/ESPACIO-ABIERTO-300x168.png\" alt=\"\" width=\"300\" height=\"168\" srcset=\"https:\/\/www.visionweb.com.ar\/wp-content\/uploads\/2022\/06\/ESPACIO-ABIERTO-300x168.png 300w, https:\/\/www.visionweb.com.ar\/wp-content\/uploads\/2022\/06\/ESPACIO-ABIERTO-768x430.png 768w, https:\/\/www.visionweb.com.ar\/wp-content\/uploads\/2022\/06\/ESPACIO-ABIERTO.png 880w\" sizes=\"auto, (max-width: 300px) 100vw, 300px\" \/><p id=\"caption-attachment-6121\" class=\"wp-caption-text\"><em><strong>Los diputados Walter Carusso , Mart\u00edn Dom\u00ednguez Yelpo y, Gustavo Posse, intendente de San Isidro. Los legisladores impulsan una reforma de la constituci\u00f3n provincial<\/strong><\/em><\/p><\/div>\n<p><strong>\u00a0 \u00a0 \u00a0E<\/strong>l bloque de diputados bonaerenses de Espacio Abierto Juntos present\u00f3 un proyecto de Ley para modificar la Constituci\u00f3n provincial y unificar las elecciones intermedias con las Ejecutivas.<\/p>\n<p>De ser aprobada la iniciativa, en la provincia de Buenos Aires habr\u00eda comicios cada cuatro a\u00f1os y no cada dos y se\u00f1alaron desde la bancada opositora que \u00abse ver\u00eda con agrado\u00bb que el Gobierno nacional adopte la misma disposici\u00f3n.<\/p>\n<p>\u00abPedimos que se reforme la Constituci\u00f3n para que las elecciones sean cada cuatro a\u00f1os y no tengamos comicios cada dos. De esta manera, los senadores y diputados provinciales, concejales y consejeros escolares se elegir\u00e1n en el mismo momento en que se vote para Gobernador e intendentes\u00bb, explic\u00f3 el presidente del bloque, Walter Carusso, al presentar el proyecto.<\/p>\n<p>En un comunicado, ese espacio remarc\u00f3 que trabaja en muchos proyectos directamente relacionados con producir un ordenamiento estructural de la Provincia.<\/p>\n<p>\u00abTenemos que pensar en la gente que no puede estar yendo a votar cada dos a\u00f1os. Los vecinos reclaman gesti\u00f3n y es lo que hace falta. Desde nuestro espacio seguimos trabajando para hacer una Provincia distinta y viable\u00bb, consider\u00f3 Carusso.<\/p>\n<p>El legislador evalu\u00f3 adem\u00e1s que \u00abser\u00eda importante que desde el Gobierno nacional se tomase la misma decisi\u00f3n y es por eso que presentamos otro proyecto de declaraci\u00f3n a trav\u00e9s del cual ver\u00edamos con agrado que se pensara en una reforma similar pero para todo el pa\u00eds.<\/p>\n<p>\u00abEl ahorro que implica votar cada cuatro a\u00f1os en lugar de hacerlo cada dos, es m\u00e1s que significativo\u00bb, estim\u00f3.<\/p>\n<p>Espacio Abierto es un bloque compuesto por los legisladores Carusso y Mart\u00edn Dom\u00ednguez Yelpo, quienes responden pol\u00edticamente al intendente de San Isidro, Gustavo Posse <strong>(VW)<\/strong><\/p>\n<p>&nbsp;<\/p>\n","protected":false},"excerpt":{"rendered":"<p>S\u00ed la iniciativa se aprueba, en la provincia de Buenos Aires habr\u00eda elecciones cada cuatro a\u00f1os y quedar\u00edan eliminadas las de t\u00e9rmino medio.\u00a0<\/p>\n","protected":false},"author":3,"featured_media":6121,"comment_status":"closed","ping_status":"closed","sticky":false,"template":"","format":"standard","meta":{"_monsterinsights_skip_tracking":false,"_monsterinsights_sitenote_active":false,"_monsterinsights_sitenote_note":"","_monsterinsights_sitenote_category":0,"footnotes":""},"categories":[4],"tags":[1929,2496,1953,2497],"class_list":["post-6120","post","type-post","status-publish","format-standard","has-post-thumbnail","hentry","category-politica","tag-constitucion","tag-espacio-abierto","tag-proyecto","tag-reformqa"],"_links":{"self":[{"href":"https:\/\/www.visionweb.com.ar\/index.php?rest_route=\/wp\/v2\/posts\/6120","targetHints":{"allow":["GET"]}}],"collection":[{"href":"https:\/\/www.visionweb.com.ar\/index.php?rest_route=\/wp\/v2\/posts"}],"about":[{"href":"https:\/\/www.visionweb.com.ar\/index.php?rest_route=\/wp\/v2\/types\/post"}],"author":[{"embeddable":true,"href":"https:\/\/www.visionweb.com.ar\/index.php?rest_route=\/wp\/v2\/users\/3"}],"replies":[{"embeddable":true,"href":"https:\/\/www.visionweb.com.ar\/index.php?rest_route=%2Fwp%2Fv2%2Fcomments&post=6120"}],"version-history":[{"count":3,"href":"https:\/\/www.visionweb.com.ar\/index.php?rest_route=\/wp\/v2\/posts\/6120\/revisions"}],"predecessor-version":[{"id":6124,"href":"https:\/\/www.visionweb.com.ar\/index.php?rest_route=\/wp\/v2\/posts\/6120\/revisions\/6124"}],"wp:featuredmedia":[{"embeddable":true,"href":"https:\/\/www.visionweb.com.ar\/index.php?rest_route=\/wp\/v2\/media\/6121"}],"wp:attachment":[{"href":"https:\/\/www.visionweb.com.ar\/index.php?rest_route=%2Fwp%2Fv2%2Fmedia&parent=6120"}],"wp:term":[{"taxonomy":"category","embeddable":true,"href":"https:\/\/www.visionweb.com.ar\/index.php?rest_route=%2Fwp%2Fv2%2Fcategories&post=6120"},{"taxonomy":"post_tag","embeddable":true,"href":"https:\/\/www.visionweb.com.ar\/index.php?rest_route=%2Fwp%2Fv2%2Ftags&post=6120"}],"curies":[{"name":"wp","href":"https:\/\/api.w.org\/{rel}","templated":true}]}}