{"id":6118,"date":"2022-06-20T17:06:14","date_gmt":"2022-06-20T20:06:14","guid":{"rendered":"https:\/\/www.visionweb.com.ar\/?p=6118"},"modified":"2022-06-20T17:06:14","modified_gmt":"2022-06-20T20:06:14","slug":"turismo-otro-record-mas-de-4-millones-de-personas-recorrieron-el-pais","status":"publish","type":"post","link":"https:\/\/www.visionweb.com.ar\/?p=6118","title":{"rendered":"Turismo: Otro r\u00e9cord, m\u00e1s de 4 millones de personas recorrieron el pa\u00eds"},"content":{"rendered":"<p><em><strong>El feriado que combin\u00f3 la conmemoraci\u00f3n del paso a la inmortalidad del General Mart\u00edn de G\u00fcemes y el D\u00eda de la Bandera qued\u00f3 cerca de igualar las cifras de Semana Santa: 4,4 millones fueron los turistas y excursionistas.<\/strong><\/em><!--more--><\/p>\n<div id=\"attachment_5933\" style=\"width: 536px\" class=\"wp-caption alignright\"><img loading=\"lazy\" decoding=\"async\" aria-describedby=\"caption-attachment-5933\" class=\"wp-image-5933 size-full\" src=\"https:\/\/www.visionweb.com.ar\/wp-content\/uploads\/2022\/06\/turismo-1.bmp\" alt=\"\" width=\"526\" height=\"374\" \/><p id=\"caption-attachment-5933\" class=\"wp-caption-text\">Durante el fin de semana extralargo m\u00e1s de 4 millones de turistas recorrieron el pa\u00eds<\/p><\/div>\n<p><strong>\u00a0 \u00a0 \u00a0 \u00a0U<\/strong>nos 2,3 millones de turistas y 2,1 millones de excursionistas recorrieron y gastaron mas\u00a0 $ 55.000 millones\u00a0 en el pa\u00eds durante este fin de semana largo.<\/p>\n<p>Con esos datos el feriado de junio entr\u00f3 al calendario tur\u00edstico como uno de los m\u00e1s importantes del a\u00f1o. El nivel de ocupaci\u00f3n promedi\u00f3 el 90%.<\/p>\n<p>De acuerdo con el reporte publicado por CAME, este lunes, de al a ello se sum\u00f3 un calendario de actividades muy nutrido y el buen tiempo acompa\u00f1\u00f3. El gasto diario salt\u00f3 a $6.500, pero aun as\u00ed la gente viaj\u00f3 y festej\u00f3 el D\u00eda del Padre.<\/p>\n<p>El feriado que combin\u00f3 la conmemoraci\u00f3n del paso a la inmortalidad del General Mart\u00edn de G\u00fcemes y el D\u00eda de la Bandera qued\u00f3 cerca de igualar las cifras de Semana Santa: 4,4 millones fueron los turistas y excursionistas que recorrieron las m\u00e1s de 1000 ciudades del pa\u00eds que conforman el circuito tur\u00edstico. Los paseantes desembolsaron m\u00e1s de $55.000 millones<\/p>\n<p>Comparado con junio de 2019, que s\u00f3lo tuvo 3 d\u00edas, se movilizaron 148,1% m\u00e1s de turistas, 94,2% m\u00e1s de excursionistas, mientras que la estad\u00eda promedio aument\u00f3 32%, y el gasto diario subi\u00f3 386,9%.\u00a0\u00a0A precios constantes, el gasto diario se increment\u00f3 un 35,4%.<\/p>\n<p>La estad\u00eda media para este fin de semana extra largo,\u00a0 fue de 3,3 d\u00edas, similar a Semana Santa, y el gasto diario per c\u00e1pita salt\u00f3 a $6.524.<\/p>\n<p>As\u00ed, los 2,3 millones de turistas desembolsaron $50.048,5 millones el fin de semana, incluyendo hospedaje, transporte, comida y otros gastos. Frente a 2019, ese gasto total, a precios constantes, que realizaron los turistas subi\u00f3 343,4%, que se explica por dos motivos: el d\u00eda adicional convoc\u00f3 a mucha m\u00e1s gente a viajar; y porque el turismo cada a\u00f1o gana participaci\u00f3n en la canasta de consumo de los hogares, con m\u00e1s gente que viaja y m\u00e1s dinero destinado a lograr una buena estad\u00eda.<\/p>\n<p>A los turistas se agregaron 2,1 millones de excursionistas que se trasladaron por el d\u00eda a localidades cercanas en busca de ocio, recreaci\u00f3n, deportes, recitales, festejos patrios y encuentros familiares.<\/p>\n<p>En esta fecha tuvo mucha incidencia los encuentros por el D\u00eda del Padre. As\u00ed, los excursionistas abonaron en promedio $2.400 cada uno, sumando un gasto total de $5.021,3 millones, que a precios constantes result\u00f3 21,3% mayor al mismo fin de semana de 2019.<\/p>\n<p>Asimismo, hubo una nutrida agenda de eventos, destac\u00e1ndose el Foro Nacional de Turismo, con 1.500 participantes del pa\u00eds en Termas de R\u00edo Hondo o el Desfile Gaucho en Salta que convoc\u00f3 a 7.000 gauchos de todos los rincones de la Argentina.<\/p>\n<p>Las ciudades, junto con sus provincias, cada vez invierten m\u00e1s recursos en generar identidad mediante estos eventos, que tienen alto impacto econ\u00f3mico y a la vez le ofrecen opciones recreativas a los habitantes que no viajan.<\/p>\n<p>Un atractivo del fin de semana fue la apertura de los centros de esqu\u00ed que se encontraban con nieve. Mucha gente viaj\u00f3 a las monta\u00f1as aprovechando las excelentes condiciones para esta pr\u00e1ctica. Todas las provincias de la Patagonia y tambi\u00e9n en Cuyo, pudieron ofrecer el recurso \u201cnieve\u201d.<\/p>\n<p>El Cerro Catedral en Bariloche fue uno de los m\u00e1s concurridos, abri\u00f3 con nuevas propuestas y precios promocionales. Lo mismo Las Le\u00f1as y Los Puquios en Mendoza, tuvieron ocupaci\u00f3n plena con descuentos de hasta 25% para los turistas que se alojaron en Malarg\u00fce.<\/p>\n<p>El tiempo fue bueno durante el fin de semana. Prevaleci\u00f3 el sol, con temperaturas que promediaron los 10 grados en horarios del mediod\u00eda, aunque por momentos con vientos fuertes en las zonas costeras.<\/p>\n<p>El norte argentino y todo el Litoral fueron destinos de alt\u00edsima afluencia, destac\u00e1ndose Cafayate, Quebrada de Humahuaca, Termas de R\u00edo Hondo, Puerto Iguaz\u00fa, Iber\u00e1, Rosario y Col\u00f3n en Entre R\u00edos.<\/p>\n<p>En la regi\u00f3n cuyana se destacaron las ciudades de Mendoza, San Juan, Merlo y Potrero de los Funes. En C\u00f3rdoba, Villa Carlos Paz, Santa Rosa de Calamuchita y Villa General Belgrano. Y en la zona bonaerense, Tandil, Mar del Plata y Pinamar.<\/p>\n<p>En la Patagonia sobresalieron Bariloche, San Mart\u00edn de los Andes, Puerto Madryn,\u00a0El Calafate y Ushuaia<strong>.<\/strong><\/p>\n<p>El fin de semana podr\u00eda haber sido mejor sin los problemas de desabastecimiento de combustibles, que desalentaron a muchas familias a viajar por temor a quedarse varados.<\/p>\n<p>Aerol\u00edneas Argentinas tuvo 250 salidas diarias desde el jueves con una ocupaci\u00f3n del 87% y m\u00e1s de 300.000 pasajeros trasladados. Entre los destinos m\u00e1s volados se encontraron: C\u00f3rdoba, Iguaz\u00fa, Mendoza, Bariloche, Salta, Ushuaia, Tucum\u00e1n, Neuqu\u00e9n, El Calafate y Comodoro Rivadavia, localidades que concentraron el 56% de los pasajeros<strong>(VW).<\/strong><\/p>\n<p>&nbsp;<\/p>\n","protected":false},"excerpt":{"rendered":"<p>El feriado que combin\u00f3 la conmemoraci\u00f3n del paso a la inmortalidad del General Mart\u00edn de G\u00fcemes y el D\u00eda de la Bandera qued\u00f3 cerca de igualar las cifras de Semana Santa: 4,4 millones fueron&#46;&#46;&#46;<\/p>\n","protected":false},"author":3,"featured_media":5933,"comment_status":"closed","ping_status":"closed","sticky":false,"template":"","format":"standard","meta":{"_monsterinsights_skip_tracking":false,"_monsterinsights_sitenote_active":false,"_monsterinsights_sitenote_note":"","_monsterinsights_sitenote_category":0,"footnotes":""},"categories":[700],"tags":[2103,79,1092,49,50],"class_list":["post-6118","post","type-post","status-publish","format-standard","has-post-thumbnail","hentry","category-turismo","tag-fin-de-semana","tag-gasto","tag-interior","tag-turismo","tag-viajes"],"_links":{"self":[{"href":"https:\/\/www.visionweb.com.ar\/index.php?rest_route=\/wp\/v2\/posts\/6118","targetHints":{"allow":["GET"]}}],"collection":[{"href":"https:\/\/www.visionweb.com.ar\/index.php?rest_route=\/wp\/v2\/posts"}],"about":[{"href":"https:\/\/www.visionweb.com.ar\/index.php?rest_route=\/wp\/v2\/types\/post"}],"author":[{"embeddable":true,"href":"https:\/\/www.visionweb.com.ar\/index.php?rest_route=\/wp\/v2\/users\/3"}],"replies":[{"embeddable":true,"href":"https:\/\/www.visionweb.com.ar\/index.php?rest_route=%2Fwp%2Fv2%2Fcomments&post=6118"}],"version-history":[{"count":1,"href":"https:\/\/www.visionweb.com.ar\/index.php?rest_route=\/wp\/v2\/posts\/6118\/revisions"}],"predecessor-version":[{"id":6119,"href":"https:\/\/www.visionweb.com.ar\/index.php?rest_route=\/wp\/v2\/posts\/6118\/revisions\/6119"}],"wp:featuredmedia":[{"embeddable":true,"href":"https:\/\/www.visionweb.com.ar\/index.php?rest_route=\/wp\/v2\/media\/5933"}],"wp:attachment":[{"href":"https:\/\/www.visionweb.com.ar\/index.php?rest_route=%2Fwp%2Fv2%2Fmedia&parent=6118"}],"wp:term":[{"taxonomy":"category","embeddable":true,"href":"https:\/\/www.visionweb.com.ar\/index.php?rest_route=%2Fwp%2Fv2%2Fcategories&post=6118"},{"taxonomy":"post_tag","embeddable":true,"href":"https:\/\/www.visionweb.com.ar\/index.php?rest_route=%2Fwp%2Fv2%2Ftags&post=6118"}],"curies":[{"name":"wp","href":"https:\/\/api.w.org\/{rel}","templated":true}]}}