{"id":6112,"date":"2022-06-20T11:06:36","date_gmt":"2022-06-20T14:06:36","guid":{"rendered":"https:\/\/www.visionweb.com.ar\/?p=6112"},"modified":"2022-06-20T11:06:36","modified_gmt":"2022-06-20T14:06:36","slug":"20-de-junio-dia-de-la-bandera","status":"publish","type":"post","link":"https:\/\/www.visionweb.com.ar\/?p=6112","title":{"rendered":"20 de junio: D\u00eda de la Bandera"},"content":{"rendered":"<p><strong><em>\u201cBandera de la Patria, celeste y blanca, s\u00edmbolo de la uni\u00f3n y la fuerza con que nuestros padres nos dieron independencia y libertad\u201d. Azul un ala del color del cielo, azul un ala del color del mar\u201d. \u201cEl ala es pa\u00f1o, el \u00e1guila es bandera\u201d.<\/em><\/strong><!--more--><\/p>\n<div id=\"attachment_6116\" style=\"width: 310px\" class=\"wp-caption alignright\"><img loading=\"lazy\" decoding=\"async\" aria-describedby=\"caption-attachment-6116\" class=\"wp-image-6116 size-medium\" src=\"https:\/\/www.visionweb.com.ar\/wp-content\/uploads\/2022\/06\/bandera-3-300x245.jpg\" alt=\"\" width=\"300\" height=\"245\" srcset=\"https:\/\/www.visionweb.com.ar\/wp-content\/uploads\/2022\/06\/bandera-3-300x245.jpg 300w, https:\/\/www.visionweb.com.ar\/wp-content\/uploads\/2022\/06\/bandera-3.jpg 698w\" sizes=\"auto, (max-width: 300px) 100vw, 300px\" \/><p id=\"caption-attachment-6116\" class=\"wp-caption-text\">Amanecer en el campo, en Rivera provincia de Buenos Aires. (Foto de autor: Luis Barbieri)<\/p><\/div>\n<p><strong>\u00a0\u00a0\u00a0\u00a0\u00a0\u00a0\u00a0\u00a0\u00a0 \u00a0 \u00a0\u00a0\u00a0\u00a0\u00a0\u00a0\u00a0\u00a0 E<\/strong>l 20 de junio es la fecha nacional elegida para honrar al creador de la bandera argentina, Manuel Belgrano, quien muri\u00f3 ese d\u00eda en 1820, a los 50 a\u00f1os. Belgrano, en medio de las batallas por la Independencia de las Provincias Unidas del R\u00edo de la Plata,\u00a0decidi\u00f3 establecer un s\u00edmbolo patrio identificatorio, y as\u00ed fue como el 27 de febrero de 1812 cre\u00f3 la bandera celeste y blanca, inspir\u00e1ndose en la escarapela, tambi\u00e9n propuesta por \u00e9l.<\/p>\n<p>El General iz\u00f3 por primera vez la bandera en la provincia de Santa Fe, en el poblado de la Capilla del Rosario, hoy ciudad de Rosario, a orillas del R\u00edo Paran\u00e1.<\/p>\n<p>All\u00ed fue consagrada con los mismos colores celeste y blanco por el Congreso de Tucum\u00e1n el 20 de julio de 1816 y ratificada en Buenos Aires, el 25 de febrero de 1818, incorporando el Sol de Mayo en la franja blanca central.<\/p>\n<p>El 8 de junio de 1838 con aprobaci\u00f3n de Congreso, fue decretado el dia de la Bandera por ley 12.361, por el entonces presidente Roberto M. Ortiz.<\/p>\n<p>A partir de 2011, por decreto nacional el feriado se instaur\u00f3 como inamovible.<\/p>\n<p>Hoy todo el pa\u00eds conmemora este d\u00eda con actos, donde los estudiantes \u201cPrometen su Lealtad a la Bandera\u201d. As\u00ed, los que alumnos de los cuartos a\u00f1os de escuelas p\u00fablicas y privadas prometen \u00abdefender, amar y respetar\u00bb a la insignia patria que \u00abes s\u00edmbolo de los valores que los fundadores de la nacionalidad\u00bb como \u00abla libertad, la tolerancia, la justicia, la igualdad, la paz y la solidaridad\u00bb.<\/p>\n<p>M\u00e1s de 2000 estudiantes ser\u00e1n reunidos a tal fin, en el CCK. Lo mismo suceder\u00e1 en el interior con los mandatarios, con actos oficiales en provincias y municipios.<\/p>\n<p>En el centro porte\u00f1o habr\u00e1 una \u00abFeria Patria\u00bb en Avenida de Mayo, con bandas y actos representativos a las costumbres patrias. <strong>(VW)<\/strong><\/p>\n","protected":false},"excerpt":{"rendered":"<p>\u201cBandera de la Patria, celeste y blanca, s\u00edmbolo de la uni\u00f3n y la fuerza con que nuestros padres nos dieron independencia y libertad\u201d. Azul un ala del color del cielo, azul un ala del&#46;&#46;&#46;<\/p>\n","protected":false},"author":4,"featured_media":6116,"comment_status":"closed","ping_status":"closed","sticky":false,"template":"","format":"standard","meta":{"_monsterinsights_skip_tracking":false,"_monsterinsights_sitenote_active":false,"_monsterinsights_sitenote_note":"","_monsterinsights_sitenote_category":0,"footnotes":""},"categories":[3],"tags":[2494,2316,2495],"class_list":["post-6112","post","type-post","status-publish","format-standard","has-post-thumbnail","hentry","category-actualidad","tag-20-d-junio","tag-belgrano","tag-dia-de-la-bandera"],"_links":{"self":[{"href":"https:\/\/www.visionweb.com.ar\/index.php?rest_route=\/wp\/v2\/posts\/6112","targetHints":{"allow":["GET"]}}],"collection":[{"href":"https:\/\/www.visionweb.com.ar\/index.php?rest_route=\/wp\/v2\/posts"}],"about":[{"href":"https:\/\/www.visionweb.com.ar\/index.php?rest_route=\/wp\/v2\/types\/post"}],"author":[{"embeddable":true,"href":"https:\/\/www.visionweb.com.ar\/index.php?rest_route=\/wp\/v2\/users\/4"}],"replies":[{"embeddable":true,"href":"https:\/\/www.visionweb.com.ar\/index.php?rest_route=%2Fwp%2Fv2%2Fcomments&post=6112"}],"version-history":[{"count":2,"href":"https:\/\/www.visionweb.com.ar\/index.php?rest_route=\/wp\/v2\/posts\/6112\/revisions"}],"predecessor-version":[{"id":6117,"href":"https:\/\/www.visionweb.com.ar\/index.php?rest_route=\/wp\/v2\/posts\/6112\/revisions\/6117"}],"wp:featuredmedia":[{"embeddable":true,"href":"https:\/\/www.visionweb.com.ar\/index.php?rest_route=\/wp\/v2\/media\/6116"}],"wp:attachment":[{"href":"https:\/\/www.visionweb.com.ar\/index.php?rest_route=%2Fwp%2Fv2%2Fmedia&parent=6112"}],"wp:term":[{"taxonomy":"category","embeddable":true,"href":"https:\/\/www.visionweb.com.ar\/index.php?rest_route=%2Fwp%2Fv2%2Fcategories&post=6112"},{"taxonomy":"post_tag","embeddable":true,"href":"https:\/\/www.visionweb.com.ar\/index.php?rest_route=%2Fwp%2Fv2%2Ftags&post=6112"}],"curies":[{"name":"wp","href":"https:\/\/api.w.org\/{rel}","templated":true}]}}