{"id":6092,"date":"2022-06-17T09:58:56","date_gmt":"2022-06-17T12:58:56","guid":{"rendered":"https:\/\/www.visionweb.com.ar\/?p=6092"},"modified":"2022-06-17T09:58:56","modified_gmt":"2022-06-17T12:58:56","slug":"en-plena-escasez-el-gasoil-12-mas-caro-desde-anoche","status":"publish","type":"post","link":"https:\/\/www.visionweb.com.ar\/?p=6092","title":{"rendered":"En plena escasez, el gasoil 12% m\u00e1s caro desde anoche"},"content":{"rendered":"<p><em><strong>El litro en capital pas\u00f3 a costar $ 126 el com\u00fan, y $ 145 el Premium. Todas las petroleras aplican el ajuste.<\/strong><\/em><!--more--><\/p>\n<p><strong><img loading=\"lazy\" decoding=\"async\" class=\"size-full wp-image-6070 aligncenter\" src=\"https:\/\/www.visionweb.com.ar\/wp-content\/uploads\/2022\/06\/carga-combustible-fadeeac.bmp\" alt=\"\" width=\"717\" height=\"345\" \/>E<\/strong>n medio de la escasez de combustibles que afecta a casi todas las provincias, el Gobierno autoriz\u00f3 a las petroleras a incrementar el precio del gasoil desde ayer, con una suba para los combustibles di\u00e9sel que alcanz\u00f3 el 12 por ciento<strong>\u00a0<\/strong>en promedio en todo el pa\u00eds.<\/p>\n<p>De esta manera, el litro de gasoil com\u00fan pas\u00f3 en el \u00e1mbito de la ciudad de Buenos Aires, de \u00a0$ 113 a m\u00e1s de $ 126. Mientras que en los\u00a0\u201cpremium\u201d, la suba fue de $ 145 a $ 165, en los surtidores de YPF. Las otras banderas (Axion, Shell, Puma) manejan precios m\u00e1s elevados.<\/p>\n<p>La suba se da luego de que el Gobierno nacional dispusiera un incremento del corte de biodiesel del cinco por ciento vigente al 7,5 del volumen total del gasoil, de manera excepcional por 60 d\u00edas.<\/p>\n<p>Adem\u00e1s, cre\u00f3 el\u00a0R\u00e9gimen de Incentivos al Abastecimiento Interno de Combustibles\u00a0(RIAIC), por el que las refinadoras podr\u00e1n solicitar un monto equivalente a lo que deban pagar en concepto de impuestos sobre los Combustibles L\u00edquidos y al Di\u00f3xido de Carbono en la importaci\u00f3n de gasoil.<\/p>\n<p>La medida claramente cont\u00f3 con el\u00a0apoyo de las refinadoras, que se comprometieron a \u201cprofundizar sus esfuerzos para contribuir a paliar la situaci\u00f3n actual\u201d.<\/p>\n<p>\u201cFrente a este escenario, cada compa\u00f1\u00eda, de acuerdo a su pol\u00edtica comercial y en funci\u00f3n de sus particularidades log\u00edsticas, adoptar\u00e1 las medidas que considere m\u00e1s convenientes para paliar desequilibrios<strong>\u00a0<\/strong>en la demanda\u201d, indicaron las empresas.<\/p>\n<p>En respuesta al desabastecimiento, la portavoz de la Presidencia Gabriela Cerruti, asegur\u00f3 d\u00edas atr\u00e1s, que el problema de abastecimiento de gasoil en las provincias del norte del pa\u00eds estaba \u201cen v\u00edas de soluci\u00f3n\u201d. \u00a0Entonces, apareci\u00f3 otro aumento.<\/p>\n<p>A\u00f1os atr\u00e1s, se eleg\u00edan los veh\u00edculos con motores diesel por considerarse un verdadero ahorro en combustibles, y en la actualidad el gasoil resulta m\u00e1s caro que las naftas. <strong>(VW)<\/strong><\/p>\n<p>&nbsp;<\/p>\n","protected":false},"excerpt":{"rendered":"<p>El litro en capital pas\u00f3 a costar $ 126 el com\u00fan, y $ 145 el Premium. Todas las petroleras aplican el ajuste.<\/p>\n","protected":false},"author":4,"featured_media":6070,"comment_status":"closed","ping_status":"closed","sticky":false,"template":"","format":"standard","meta":{"_monsterinsights_skip_tracking":false,"_monsterinsights_sitenote_active":false,"_monsterinsights_sitenote_note":"","_monsterinsights_sitenote_category":0,"footnotes":""},"categories":[6],"tags":[2484,140,293],"class_list":["post-6092","post","type-post","status-publish","format-standard","has-post-thumbnail","hentry","category-economia","tag-aumento-gasoil","tag-combustibles","tag-ypf"],"_links":{"self":[{"href":"https:\/\/www.visionweb.com.ar\/index.php?rest_route=\/wp\/v2\/posts\/6092","targetHints":{"allow":["GET"]}}],"collection":[{"href":"https:\/\/www.visionweb.com.ar\/index.php?rest_route=\/wp\/v2\/posts"}],"about":[{"href":"https:\/\/www.visionweb.com.ar\/index.php?rest_route=\/wp\/v2\/types\/post"}],"author":[{"embeddable":true,"href":"https:\/\/www.visionweb.com.ar\/index.php?rest_route=\/wp\/v2\/users\/4"}],"replies":[{"embeddable":true,"href":"https:\/\/www.visionweb.com.ar\/index.php?rest_route=%2Fwp%2Fv2%2Fcomments&post=6092"}],"version-history":[{"count":2,"href":"https:\/\/www.visionweb.com.ar\/index.php?rest_route=\/wp\/v2\/posts\/6092\/revisions"}],"predecessor-version":[{"id":6094,"href":"https:\/\/www.visionweb.com.ar\/index.php?rest_route=\/wp\/v2\/posts\/6092\/revisions\/6094"}],"wp:featuredmedia":[{"embeddable":true,"href":"https:\/\/www.visionweb.com.ar\/index.php?rest_route=\/wp\/v2\/media\/6070"}],"wp:attachment":[{"href":"https:\/\/www.visionweb.com.ar\/index.php?rest_route=%2Fwp%2Fv2%2Fmedia&parent=6092"}],"wp:term":[{"taxonomy":"category","embeddable":true,"href":"https:\/\/www.visionweb.com.ar\/index.php?rest_route=%2Fwp%2Fv2%2Fcategories&post=6092"},{"taxonomy":"post_tag","embeddable":true,"href":"https:\/\/www.visionweb.com.ar\/index.php?rest_route=%2Fwp%2Fv2%2Ftags&post=6092"}],"curies":[{"name":"wp","href":"https:\/\/api.w.org\/{rel}","templated":true}]}}