{"id":6088,"date":"2022-06-16T07:50:06","date_gmt":"2022-06-16T10:50:06","guid":{"rendered":"https:\/\/www.visionweb.com.ar\/?p=6088"},"modified":"2022-06-16T07:50:41","modified_gmt":"2022-06-16T10:50:41","slug":"por-unanimidad-diputados-voto-la-ley-de-alivio-fiscal","status":"publish","type":"post","link":"https:\/\/www.visionweb.com.ar\/?p=6088","title":{"rendered":"Por unanimidad Diputados voto el proyecto de la ley de Alivio Fiscal"},"content":{"rendered":"<p><strong><em>Se descuenta que el proyecto de Ley ser\u00e1 sancionado en la C\u00e1mara de Senadores. El proyecto fue impulsado por Sergio Massa.<\/em><\/strong> <!--more--><\/p>\n<div id=\"attachment_5924\" style=\"width: 310px\" class=\"wp-caption alignright\"><img loading=\"lazy\" decoding=\"async\" aria-describedby=\"caption-attachment-5924\" class=\"wp-image-5924 size-medium\" src=\"https:\/\/www.visionweb.com.ar\/wp-content\/uploads\/2022\/06\/CAMARA-DE-DIPUTADOS-BONAERENSE-300x200.png\" alt=\"\" width=\"300\" height=\"200\" srcset=\"https:\/\/www.visionweb.com.ar\/wp-content\/uploads\/2022\/06\/CAMARA-DE-DIPUTADOS-BONAERENSE-300x200.png 300w, https:\/\/www.visionweb.com.ar\/wp-content\/uploads\/2022\/06\/CAMARA-DE-DIPUTADOS-BONAERENSE.png 640w\" sizes=\"auto, (max-width: 300px) 100vw, 300px\" \/><p id=\"caption-attachment-5924\" class=\"wp-caption-text\"><em><strong>El Proyecto de Ley de Alivio fiscal cont\u00f3 con 237 votos positivos.<\/strong><\/em><\/p><\/div>\n<p><strong>\u00a0 \u00a0 \u00a0U<\/strong>n total de 4,5 millones de monotributistas y 140.000 trabajadores aut\u00f3nomos\u00a0 se beneficiar\u00e1n una vez que el Senado de la Naci\u00f3n trate la iniciativa, en la\u00a0 \u00faltima semana de junio, impulsada por el presidente de la C\u00e1mara de Diputados, Sergio Massa,<\/p>\n<p class=\"article-text\">El proyecto de Ley fue aprobado por un total de 237 votos a favor y ninguno en contra en acuerdo con el Interbloque Federal que encabeza Alejandro \u201cTopo\u201d Rodr\u00edguez. Con cambios a \u00faltimo momento, se sum\u00f3 el apoyo del resto de la oposici\u00f3n en el recinto. El libertario Javier Miley estuvo ausente.<\/p>\n<p class=\"article-text\">El proyecto adelanta al 1\u00b0 de julio la actualizaci\u00f3n de los montos m\u00e1ximos de facturaci\u00f3n del monotributo, un cambio que deb\u00eda realizarse reci\u00e9n en enero de 2023.<\/p>\n<div class=\"edi-advertising ad__no-dotted ad__no-legend ad-desktop-intext hide-in-mobile\">Con la media sanci\u00f3n de Proyecto, en el monotributo las cuatro categor\u00edas m\u00e1s bajas de facturaci\u00f3n (A, B, C y D) se actualizar\u00e1n por un \u00edndice promedio del 60%, mayor al del resto de las categor\u00edas (de E a K), que se regir\u00e1n por el \u00edndice del 29,12% correspondiente al acumulado del ajuste jubilatorio en el primer semestre.<\/div>\n<div><\/div>\n<div>Adem\u00e1s, quedar\u00e1n eximidas del componente impositivo las categor\u00edas A ($ 288 por mes) y B ($ 555). Este beneficio alcanzar\u00e1 a casi la mitad del total de monotributistas (unas 2,1 millones de personas), que son los que no tienen otros ingresos ya sea por jubilaciones, trabajo en relaci\u00f3n de dependencia, rentas financieras o alquiler de inmuebles. No se afectar\u00e1n los fondos de obras sociales ni seguridad social.<\/div>\n<div><\/div>\n<div>Seg\u00fan el texto aprobado, los montos m\u00e1ximos para cada categor\u00eda ser\u00e1n: $748.382,07, para la A;\u00a0 $1.112.459,83, para la B; $1.557.443,75, para la C; $1.934.273,04, para la D; $2.277.684,56, para la E;\u00a0 $2.847.105,70, para la F; $3.416.526,83, para la G; $4.229.985,60, para la H;\u00a0 $4.734.330,03, para la I; $5.425.770,00, para la J; y $6.019.594,89, para la K.<\/div>\n<div><\/div>\n<div>Respecto a los aut\u00f3nomos que est\u00e1n alcanzados por el impuesto a las Ganancias, el proyecto propone \u201cincrementar las deducciones a fin de que el m\u00ednimo no imponible quede m\u00e1s equitativo o cercano al que aplican los empleados en relaci\u00f3n de dependencia\u201d.<\/div>\n<div><\/div>\n<div>De esta manera, la deducci\u00f3n especial para los aut\u00f3nomos representar\u00eda dos veces la ganancia no imponible, pasando de $ 505.129,66 a $ 757.694,52. As\u00ed, la \u201cbrecha\u201d de la deducci\u00f3n especial entre el empleado y el aut\u00f3nomo se achicar\u00eda de $ 707.181,58 a $ 454.616,72.<\/div>\n<div><\/div>\n<div>En tanto que para los nuevos profesionales se eleva de 1,5 a 2,5 veces la ganancia no imponible. El objetivo era acercar al nuevo piso de Ganancias de los empleados en blanco, tal como presion\u00f3 tambi\u00e9n Massa hace pocas semanas a Econom\u00eda.<\/div>\n<div>\n<p>El texto aprobado por unanimidad se termin\u00f3 de ajustar en negociaciones que tuvieron al propio Massa como protagonista con legisladores de la oposici\u00f3n por fuera del recinto y en conversaciones con el Gobierno. Seg\u00fan el c\u00e1lculo oficial, el costo fiscal ser\u00e1 de 3.900 millones de pesos anuales, un n\u00famero \u201cm\u00ednimo\u201d porque se compensa con lo recaudado a trav\u00e9s del IVA por el consumo anual.<\/p>\n<p>Uno de los cambios presentados por Leandro Santoro, del FdT, ya estaba contemplado en una iniciativa del Poder Ejecutivo de diciembre pasado sobre \u201cCreaci\u00f3n del Puente de Inclusi\u00f3n Fiscal al R\u00e9gimen Simplificado para Peque\u00f1os Contribuyentes\u201d.<\/p>\n<p>Otro de los cambios los incorpor\u00f3 el diputado de Evoluci\u00f3n Radical Alejandro Cacace, quien ped\u00eda aumentar los montos m\u00e1ximos de facturaci\u00f3n para las tres categor\u00edas m\u00e1s bajas del monotributo, porque si no iban a quedar \u201cpor debajo de la l\u00ednea de pobreza\u201d.<\/p>\n<p>\u201cDebe ser mayor el tope de facturaci\u00f3n de las categor\u00edas m\u00e1s bajas\u201d, exigi\u00f3 al inicio del debate, ya que JxC hab\u00eda despachado un dictamen en minor\u00eda propio.<\/p>\n<p>Con las modificaciones acordadas con el oficialismo, finalmente los cambiemitas dieron su apoyo. El jefe de la UCR, Mario Negri, justific\u00f3 su acompa\u00f1amiento porque hay que \u201cdar una respuesta positiva\u201d a los trabajadores, en medio de la crisis inflacionaria que ya acumula 60,7 por ciento interanual, una nueva marca de los \u00faltimos 30 a\u00f1os <strong>(VW)<\/strong>.<\/p>\n<p><em>Fuente: El DiarioAr<\/em><\/p>\n<\/div>\n<div><\/div>\n<p>&nbsp;<\/p>\n","protected":false},"excerpt":{"rendered":"<p>Se descuenta que el proyecto de Ley ser\u00e1 sancionado en la C\u00e1mara de Senadores. El proyecto fue impulsado por Sergio Massa.<\/p>\n","protected":false},"author":3,"featured_media":4779,"comment_status":"closed","ping_status":"closed","sticky":false,"template":"","format":"standard","meta":{"_monsterinsights_skip_tracking":false,"_monsterinsights_sitenote_active":false,"_monsterinsights_sitenote_note":"","_monsterinsights_sitenote_category":0,"footnotes":""},"categories":[4],"tags":[2483,846,143,739,121],"class_list":["post-6088","post","type-post","status-publish","format-standard","has-post-thumbnail","hentry","category-politica","tag-alivio-fiscal","tag-autonomos","tag-diputados","tag-monotributo","tag-sancion"],"_links":{"self":[{"href":"https:\/\/www.visionweb.com.ar\/index.php?rest_route=\/wp\/v2\/posts\/6088","targetHints":{"allow":["GET"]}}],"collection":[{"href":"https:\/\/www.visionweb.com.ar\/index.php?rest_route=\/wp\/v2\/posts"}],"about":[{"href":"https:\/\/www.visionweb.com.ar\/index.php?rest_route=\/wp\/v2\/types\/post"}],"author":[{"embeddable":true,"href":"https:\/\/www.visionweb.com.ar\/index.php?rest_route=\/wp\/v2\/users\/3"}],"replies":[{"embeddable":true,"href":"https:\/\/www.visionweb.com.ar\/index.php?rest_route=%2Fwp%2Fv2%2Fcomments&post=6088"}],"version-history":[{"count":2,"href":"https:\/\/www.visionweb.com.ar\/index.php?rest_route=\/wp\/v2\/posts\/6088\/revisions"}],"predecessor-version":[{"id":6090,"href":"https:\/\/www.visionweb.com.ar\/index.php?rest_route=\/wp\/v2\/posts\/6088\/revisions\/6090"}],"wp:featuredmedia":[{"embeddable":true,"href":"https:\/\/www.visionweb.com.ar\/index.php?rest_route=\/wp\/v2\/media\/4779"}],"wp:attachment":[{"href":"https:\/\/www.visionweb.com.ar\/index.php?rest_route=%2Fwp%2Fv2%2Fmedia&parent=6088"}],"wp:term":[{"taxonomy":"category","embeddable":true,"href":"https:\/\/www.visionweb.com.ar\/index.php?rest_route=%2Fwp%2Fv2%2Fcategories&post=6088"},{"taxonomy":"post_tag","embeddable":true,"href":"https:\/\/www.visionweb.com.ar\/index.php?rest_route=%2Fwp%2Fv2%2Ftags&post=6088"}],"curies":[{"name":"wp","href":"https:\/\/api.w.org\/{rel}","templated":true}]}}