{"id":6087,"date":"2022-06-16T08:02:01","date_gmt":"2022-06-16T11:02:01","guid":{"rendered":"https:\/\/www.visionweb.com.ar\/?p=6087"},"modified":"2022-06-16T08:02:01","modified_gmt":"2022-06-16T11:02:01","slug":"el-uso-del-barbijo-en-la-ciudad-dejara-de-ser-obligatorio","status":"publish","type":"post","link":"https:\/\/www.visionweb.com.ar\/?p=6087","title":{"rendered":"El uso del barbijo en la Ciudad dejar\u00e1 de ser obligatorio"},"content":{"rendered":"<p><strong><em>Sin embargo las autoridades sanitarias recomiendan utilizarlo en los lugares cerrados. La medida rige desde este jueves 16 de junio.<\/em><\/strong> <!--more--><\/p>\n<p><strong>\u00a0 \u00a0 <img loading=\"lazy\" decoding=\"async\" class=\"size-full wp-image-5578 alignright\" src=\"https:\/\/www.visionweb.com.ar\/wp-content\/uploads\/2022\/05\/covid-restricciones.bmp\" alt=\"\" width=\"447\" height=\"306\" \/> \u00a0 D<\/strong>esde este jueves 16 de junio el uso de barbijo dej\u00f3 de ser obligatorio en la Ciudad Aut\u00f3noma de Buenos Aires en lugares cerrados, aunque las autoridades igual recomiendan su uso para prevenir enfermedades respiratorias y, por supuesto la Covid-19.<\/p>\n<p>La medida se confirm\u00f3 mediante una resoluci\u00f3n conjunta que firmaron los ministerios de Salud, Desarrollo Econ\u00f3mico y Producci\u00f3n y Justicia y Seguridad, adem\u00e1s de la Jefatura de Gabinete porte\u00f1a.<\/p>\n<p>De esta forma, se dispuso \u201cel car\u00e1cter no obligatorio del uso de elementos de protecci\u00f3n que cubran nariz, boca y ment\u00f3n en el \u00e1mbito de la Ciudad Aut\u00f3noma de Buenos Aires\u201d.<\/p>\n<p>No obstante, en la normativa tambi\u00e9n se aclara que el \u00ab<strong>Gobierno de la Ciudad de Buenos Aires sigue recomendando su uso \u201cal ingresar y permanecer en lugares cerrados de acceso p\u00fablico o privados\u201d.<\/strong><\/p>\n<p>Entre los considerandos del texto, se record\u00f3 que \u201cla obligaci\u00f3n fue establecida en el marco de la emergencia sanitaria dispuesta tanto a nivel nacional como local ante la pandemia declarada por la Organizaci\u00f3n Mundial de la Salud (OMS) en relaci\u00f3n con el coronavirus (COVID-19), y en el marco la medida de Aislamiento Social, Preventivo y Obligatorio\u201d.<\/p>\n<h3 style=\"text-align: center;\"><span style=\"color: #0000ff;\"><strong><em>La Resoluci\u00f3n rige a partir de las cero horas del d\u00eda 16 de junio de 2022\u2033, se aclar\u00f3.<\/em><\/strong><\/span><\/h3>\n<p>Asimismo, en la resoluci\u00f3n aseguraron que \u201catento a la situaci\u00f3n epidemiol\u00f3gica actual y el grado de vacunaci\u00f3n en la poblaci\u00f3n, resulta pertinente establecer el car\u00e1cter no obligatorio del uso de elementos de protecci\u00f3n que cubran nariz, boca y ment\u00f3n en el \u00e1mbito de la Ciudad Aut\u00f3noma de Buenos Aires\u201d.<\/p>\n<p>\u201cSin perjuicio de lo indicado precedentemente, se estima razonable recomendar el uso de elementos de protecci\u00f3n que cubran nariz, boca y ment\u00f3n al ingresar y permanecer en lugares de acceso p\u00fablico o privado cerrados\u201d, concluyeron.<\/p>\n<p>El lunes pasado, el titular de la cartera de Salud porte\u00f1a, Fern\u00e1n Quir\u00f3s, hab\u00eda afirmado que \u201cvamos hacia una circulaci\u00f3n natural del COVID-19\u2033. A su vez, el Ministro explic\u00f3 en qu\u00e9 situaci\u00f3n sanitaria se encuentra actualmente la regi\u00f3n y, seg\u00fan su visi\u00f3n, respecto del futuro de este virus.<\/p>\n<p>\u201cVa a ser como si fuera una gripe, que van a aumentar en alg\u00fan momento del a\u00f1o y bajar en otro. Todav\u00eda estamos en una transici\u00f3n de ese proceso, porque hacemos olas muy significativas. La transmisi\u00f3n de un virus respiratorio no tiene los valores que hace el COVID en estas olas de picos. La inmunidad que hay del coronavirus es solamente un par de campa\u00f1as de vacunaci\u00f3n y el contagio que haya tenido cualquier persona, solo dos a\u00f1os de circulaci\u00f3n\u201d.<\/p>\n<p>Tal como argument\u00f3 el titular de la cartera sanitaria porte\u00f1a, el Gobierno nacional inform\u00f3 el domingo un 20% menos de contagios que la semana anterior. Adem\u00e1s se registr\u00f3 una baja del 400% en los decesos<strong>(VW)<\/strong>.<\/p>\n","protected":false},"excerpt":{"rendered":"<p>Sin embargo las autoridades sanitarias recomiendan utilizarlo en los lugares cerrados. La medida rige desde este jueves 16 de junio.<\/p>\n","protected":false},"author":3,"featured_media":5578,"comment_status":"closed","ping_status":"closed","sticky":false,"template":"","format":"standard","meta":{"_monsterinsights_skip_tracking":false,"_monsterinsights_sitenote_active":false,"_monsterinsights_sitenote_note":"","_monsterinsights_sitenote_category":0,"footnotes":""},"categories":[3,5],"tags":[1964,330,1965],"class_list":["post-6087","post","type-post","status-publish","format-standard","has-post-thumbnail","hentry","category-actualidad","category-sociedad","tag-barbijos","tag-caba","tag-uso"],"_links":{"self":[{"href":"https:\/\/www.visionweb.com.ar\/index.php?rest_route=\/wp\/v2\/posts\/6087","targetHints":{"allow":["GET"]}}],"collection":[{"href":"https:\/\/www.visionweb.com.ar\/index.php?rest_route=\/wp\/v2\/posts"}],"about":[{"href":"https:\/\/www.visionweb.com.ar\/index.php?rest_route=\/wp\/v2\/types\/post"}],"author":[{"embeddable":true,"href":"https:\/\/www.visionweb.com.ar\/index.php?rest_route=\/wp\/v2\/users\/3"}],"replies":[{"embeddable":true,"href":"https:\/\/www.visionweb.com.ar\/index.php?rest_route=%2Fwp%2Fv2%2Fcomments&post=6087"}],"version-history":[{"count":1,"href":"https:\/\/www.visionweb.com.ar\/index.php?rest_route=\/wp\/v2\/posts\/6087\/revisions"}],"predecessor-version":[{"id":6091,"href":"https:\/\/www.visionweb.com.ar\/index.php?rest_route=\/wp\/v2\/posts\/6087\/revisions\/6091"}],"wp:featuredmedia":[{"embeddable":true,"href":"https:\/\/www.visionweb.com.ar\/index.php?rest_route=\/wp\/v2\/media\/5578"}],"wp:attachment":[{"href":"https:\/\/www.visionweb.com.ar\/index.php?rest_route=%2Fwp%2Fv2%2Fmedia&parent=6087"}],"wp:term":[{"taxonomy":"category","embeddable":true,"href":"https:\/\/www.visionweb.com.ar\/index.php?rest_route=%2Fwp%2Fv2%2Fcategories&post=6087"},{"taxonomy":"post_tag","embeddable":true,"href":"https:\/\/www.visionweb.com.ar\/index.php?rest_route=%2Fwp%2Fv2%2Ftags&post=6087"}],"curies":[{"name":"wp","href":"https:\/\/api.w.org\/{rel}","templated":true}]}}