{"id":6082,"date":"2022-06-16T08:17:52","date_gmt":"2022-06-16T11:17:52","guid":{"rendered":"https:\/\/www.visionweb.com.ar\/?p=6082"},"modified":"2022-06-16T00:41:37","modified_gmt":"2022-06-16T03:41:37","slug":"la-legislatura-bonaerense-aprobo-en-comision-el-proyecto-de-reforma-del-banco-provincia","status":"publish","type":"post","link":"https:\/\/www.visionweb.com.ar\/?p=6082","title":{"rendered":"La Legislatura bonaerense aprob\u00f3 en comisi\u00f3n el proyecto de reforma del Banco Provincia"},"content":{"rendered":"<p><strong><em>El bloque Juntos por el Cambio vot\u00f3 en contra. El r\u00e9gimen de jubilaciones del BaPro se hab\u00eda modificado en la gesti\u00f3n d Mar\u00eda Eugenia Vidal que elevaba a 65 a\u00f1os la edad de las mujeres para jubilarse.<\/em><\/strong> <!--more--><\/p>\n<div id=\"attachment_6083\" style=\"width: 310px\" class=\"wp-caption alignright\"><img loading=\"lazy\" decoding=\"async\" aria-describedby=\"caption-attachment-6083\" class=\"wp-image-6083 size-medium\" src=\"https:\/\/www.visionweb.com.ar\/wp-content\/uploads\/2022\/06\/BAPRO-300x156.png\" alt=\"\" width=\"300\" height=\"156\" srcset=\"https:\/\/www.visionweb.com.ar\/wp-content\/uploads\/2022\/06\/BAPRO-300x156.png 300w, https:\/\/www.visionweb.com.ar\/wp-content\/uploads\/2022\/06\/BAPRO-768x399.png 768w, https:\/\/www.visionweb.com.ar\/wp-content\/uploads\/2022\/06\/BAPRO.png 800w\" sizes=\"auto, (max-width: 300px) 100vw, 300px\" \/><p id=\"caption-attachment-6083\" class=\"wp-caption-text\"><strong><em>Se aprob\u00f3 en Comisi\u00f3n la reforma del r\u00e9gimen jubilatorio para el personal del Banco Provincia. (Foto:Prensa BaPro) <\/em><\/strong><\/p><\/div>\n<p><strong>L<\/strong>a comisi\u00f3n de Legislaci\u00f3n General de la C\u00e1mara de Diputados de la provincia de Buenos Aires aprob\u00f3 este mi\u00e9rcoles, por mayor\u00eda el proyecto de modificaci\u00f3n del r\u00e9gimen jubilatorio de los empleados del Banco Provincia.<\/p>\n<p>El proyecto fue presentado el a\u00f1o pasado por el gobernador Axel Kicillof y contaba con el apoyo de los legisladores del Frente de Todos. el bloque opositor, Juntos por el Cambio vot\u00f3 en contra.<\/p>\n<p>En este sentido, se avanz\u00f3 con la jubilaci\u00f3n por edad avanzada con menores requisitos previsionales y en el restablecimiento de la edad jubilatoria para las mujeres que trabajan en el Banco Provincia a partir de los 60 a\u00f1os. En la actualidad se jubilan a los 65.<\/p>\n<p>Adem\u00e1s, se estableci\u00f3 que se garantice la movilidad jubilatoria, como as\u00ed tambi\u00e9n que haya paridad de g\u00e9nero en el directorio.<\/p>\n<p>El a\u00f1o pasado Kicillof envi\u00f3 a la C\u00e1mara de Diputados un proyecto de ley para modificar el r\u00e9gimen de la Caja de Jubilaciones, Subsidios y Pensiones del Personal del Bapro, que fue acordado con el titular del gremio Asociaci\u00f3n Bancaria, Sergio Palazzo.<\/p>\n<p>Hace poco m\u00e1s de un mes, las negociaciones entre el oficialismo y la oposici\u00f3n parec\u00edan haber llegado a buen puerto. Sin embargo, los dirigentes nacionales de Juntos desaconsejaron el di\u00e1logo con el Gobierno de Kicillof respecto del tema.\u00a0Esa decisi\u00f3n desemboc\u00f3 en la salida de N\u00e9stor Grindetti como cabeza de ese di\u00e1logo entre las partes.<\/p>\n<p>Por eso, el proyecto fue aprobado por los integrantes del Frente de Todos. En tanto, los diputados de Juntos por el Cambio y de Avanza Libertad votaron en contra.<\/p>\n<p>Durante el gobierno de Mar\u00eda Eugenia Vidal se sancion\u00f3 la ley 15008, que elev\u00f3 a 65 los a\u00f1os de jubilaci\u00f3n para hombres y mujeres, y estableci\u00f3 el haber en un 75% de lo que cobra el personal en actividad en lugar del 82% que reg\u00eda, bajo el argumento de que ese sistema llevaba a la caja a una situaci\u00f3n deficitaria.<\/p>\n<p>\u00abHemos logrado avanzar con la ley que nos solicit\u00f3 el gobernador Axel Kicillof para devolverles los derechos que se le hab\u00edan quitado a los trabajadores y trabajadoras del Banco Provincia durante la gesti\u00f3n de Vidal\u00bb, dijo tras la reuni\u00f3n el presidente de la comisi\u00f3n, el legislador del Frente Renovador Rub\u00e9n Eslaiman<strong>(VW)<\/strong>.<\/p>\n","protected":false},"excerpt":{"rendered":"<p>El bloque Juntos por el Cambio vot\u00f3 en contra. El r\u00e9gimen de jubilaciones del BaPro se hab\u00eda modificado en la gesti\u00f3n d Mar\u00eda Eugenia Vidal que elevaba a 65 a\u00f1os la edad de las&#46;&#46;&#46;<\/p>\n","protected":false},"author":3,"featured_media":6083,"comment_status":"closed","ping_status":"closed","sticky":false,"template":"","format":"standard","meta":{"_monsterinsights_skip_tracking":false,"_monsterinsights_sitenote_active":false,"_monsterinsights_sitenote_note":"","_monsterinsights_sitenote_category":0,"footnotes":""},"categories":[4],"tags":[2482,1816,1048,1050],"class_list":["post-6082","post","type-post","status-publish","format-standard","has-post-thumbnail","hentry","category-politica","tag-banco-provincia","tag-jubilacion","tag-reforma","tag-regimen"],"_links":{"self":[{"href":"https:\/\/www.visionweb.com.ar\/index.php?rest_route=\/wp\/v2\/posts\/6082","targetHints":{"allow":["GET"]}}],"collection":[{"href":"https:\/\/www.visionweb.com.ar\/index.php?rest_route=\/wp\/v2\/posts"}],"about":[{"href":"https:\/\/www.visionweb.com.ar\/index.php?rest_route=\/wp\/v2\/types\/post"}],"author":[{"embeddable":true,"href":"https:\/\/www.visionweb.com.ar\/index.php?rest_route=\/wp\/v2\/users\/3"}],"replies":[{"embeddable":true,"href":"https:\/\/www.visionweb.com.ar\/index.php?rest_route=%2Fwp%2Fv2%2Fcomments&post=6082"}],"version-history":[{"count":3,"href":"https:\/\/www.visionweb.com.ar\/index.php?rest_route=\/wp\/v2\/posts\/6082\/revisions"}],"predecessor-version":[{"id":6086,"href":"https:\/\/www.visionweb.com.ar\/index.php?rest_route=\/wp\/v2\/posts\/6082\/revisions\/6086"}],"wp:featuredmedia":[{"embeddable":true,"href":"https:\/\/www.visionweb.com.ar\/index.php?rest_route=\/wp\/v2\/media\/6083"}],"wp:attachment":[{"href":"https:\/\/www.visionweb.com.ar\/index.php?rest_route=%2Fwp%2Fv2%2Fmedia&parent=6082"}],"wp:term":[{"taxonomy":"category","embeddable":true,"href":"https:\/\/www.visionweb.com.ar\/index.php?rest_route=%2Fwp%2Fv2%2Fcategories&post=6082"},{"taxonomy":"post_tag","embeddable":true,"href":"https:\/\/www.visionweb.com.ar\/index.php?rest_route=%2Fwp%2Fv2%2Ftags&post=6082"}],"curies":[{"name":"wp","href":"https:\/\/api.w.org\/{rel}","templated":true}]}}