{"id":6075,"date":"2022-06-15T17:46:23","date_gmt":"2022-06-15T20:46:23","guid":{"rendered":"https:\/\/www.visionweb.com.ar\/?p=6075"},"modified":"2022-06-15T18:00:13","modified_gmt":"2022-06-15T21:00:13","slug":"dirigentes-del-pro-recorren-la-provincia-con-miras-al-2023","status":"publish","type":"post","link":"https:\/\/www.visionweb.com.ar\/?p=6075","title":{"rendered":"Dirigentes del Pro recorren la Provincia con miras al 2023"},"content":{"rendered":"<p><em><strong>N\u00e9stor Grindetti, Cristian Ritondo y Diego Santilli visitan municipios bonaerenses con el fin de afianzar sus candidaturas a la gobernaci\u00f3n de la Provincia de Buenos Aires de cara a las elecciones del pr\u00f3ximo a\u00f1o.<\/strong><\/em><!--more--><\/p>\n<div id=\"attachment_6079\" style=\"width: 310px\" class=\"wp-caption alignright\"><img loading=\"lazy\" decoding=\"async\" aria-describedby=\"caption-attachment-6079\" class=\"wp-image-6079 size-medium\" src=\"https:\/\/www.visionweb.com.ar\/wp-content\/uploads\/2022\/06\/MACRI-GRINDETTI-Y-VIDAL-300x198.png\" alt=\"\" width=\"300\" height=\"198\" srcset=\"https:\/\/www.visionweb.com.ar\/wp-content\/uploads\/2022\/06\/MACRI-GRINDETTI-Y-VIDAL-300x198.png 300w, https:\/\/www.visionweb.com.ar\/wp-content\/uploads\/2022\/06\/MACRI-GRINDETTI-Y-VIDAL.png 640w\" sizes=\"auto, (max-width: 300px) 100vw, 300px\" \/><p id=\"caption-attachment-6079\" class=\"wp-caption-text\"><em><strong>El ex presidente Mauricio Macro, la diputada Mar\u00eda Eugenia Vidal, junto al intendente de Lan\u00fas, N\u00e9stor Grindetti (Foto internet) <\/strong><\/em><\/p><\/div>\n<p><strong>\u00a0 \u00a0 L<\/strong>os principales postulantes a la gobernaci\u00f3n bonaerense por el PRO incrementaron sus actividades de cara a una pr\u00f3xima campa\u00f1a con caminatas semanales por los principales distritos bonaerenses y en otros casos con posicionamientos internacionales, seg\u00fan consignaron fuentes partidarias.<\/p>\n<p>El intendente de Lan\u00fas, N\u00e9stor Grindetti, comenz\u00f3 una recorrida por la provincia con el padrinazgo pol\u00edtico que le brinda el expresidente Mauricio Macri, desembarcar\u00e1 este viernes en Esteban Echeverr\u00eda.<\/p>\n<p>En tanto que en la primera semana de julio estar\u00e1 en la cuarta secci\u00f3n electoral, m\u00e1s precisamente en las localidades de Jun\u00edn, Chacabuco y 9 de Julio.<\/p>\n<p>Grindetti recibi\u00f3 d\u00edas pasados a Macri en la localidad bonaerense de Monte Chingolo, partido de Lan\u00fas, en lo que marc\u00f3 la primera incursi\u00f3n del ex mandatario en territorio bonaerense en el marco de la previa de la campa\u00f1a 2023.<\/p>\n<p>El jefe comunal de Lan\u00fas tiene previsto seguir recorriendo la provincia y en algunos de estos recorridos volver\u00e1 a sumar la presencia de Macri, quien regresar\u00e1 del exterior a comienzos de la semana pr\u00f3xima.<\/p>\n<p>Por su parte, el diputado nacional Cristian Ritondo, quien tambi\u00e9n aspira\u00a0 a la gobernaci\u00f3n bonaerense cuenta con el aval pol\u00edtico de Mar\u00eda Eugenia Vidal.<\/p>\n<p>En tanto, el legislador nacional (por Buenos Aires), Diego Santilli sigue recorriendo la provincia, tambi\u00e9n con\u00a0 intenci\u00f3n de aspirar a la gobernaci\u00f3n bonaerense, con el apoyo de sostenido por Horacio Rodr\u00edguez Larreta.<\/p>\n<p>El ex vice jefe porte\u00f1o estuvo ayer en una recorrida por la localidad bonaerense de Mor\u00f3n y en los pr\u00f3ximos d\u00edas encarar\u00e1 visitas a la segunda secci\u00f3n electoral, que incluye las localidades de Arrecifes, Pergamino, Carmen de Areco y San Pedro, entre otras.<\/p>\n<p>Rodr\u00edguez Larreta tambi\u00e9n estar\u00e1 apuntalando la carrera de Santilli en territorio bonaerense y este viernes visitar\u00e1 la localidad bonaerense de Florencio Varela, en el sur del conurbano<strong>(vw)<\/strong>.<\/p>\n<p><strong><em>Con informaci\u00f3n de la agencia de noticias PBA<\/em><\/strong><\/p>\n<p>&nbsp;<\/p>\n<p>&nbsp;<\/p>\n<p>&nbsp;<\/p>\n<p>&nbsp;<\/p>\n<p>&nbsp;<\/p>\n","protected":false},"excerpt":{"rendered":"<p>N\u00e9stor Grindetti, Cristian Ritondo y Diego Santilli visitan municipios bonaerenses con el fin de afianzar sus candidaturas a la gobernaci\u00f3n de la Provincia de Buenos Aires de cara a las elecciones del pr\u00f3ximo a\u00f1o.<\/p>\n","protected":false},"author":3,"featured_media":6079,"comment_status":"closed","ping_status":"closed","sticky":false,"template":"","format":"standard","meta":{"_monsterinsights_skip_tracking":false,"_monsterinsights_sitenote_active":false,"_monsterinsights_sitenote_note":"","_monsterinsights_sitenote_category":0,"footnotes":""},"categories":[4],"tags":[552,236,18,502,1089],"class_list":["post-6075","post","type-post","status-publish","format-standard","has-post-thumbnail","hentry","category-politica","tag-buenos-aires","tag-campana","tag-grindetti","tag-macri","tag-recorrida"],"_links":{"self":[{"href":"https:\/\/www.visionweb.com.ar\/index.php?rest_route=\/wp\/v2\/posts\/6075","targetHints":{"allow":["GET"]}}],"collection":[{"href":"https:\/\/www.visionweb.com.ar\/index.php?rest_route=\/wp\/v2\/posts"}],"about":[{"href":"https:\/\/www.visionweb.com.ar\/index.php?rest_route=\/wp\/v2\/types\/post"}],"author":[{"embeddable":true,"href":"https:\/\/www.visionweb.com.ar\/index.php?rest_route=\/wp\/v2\/users\/3"}],"replies":[{"embeddable":true,"href":"https:\/\/www.visionweb.com.ar\/index.php?rest_route=%2Fwp%2Fv2%2Fcomments&post=6075"}],"version-history":[{"count":3,"href":"https:\/\/www.visionweb.com.ar\/index.php?rest_route=\/wp\/v2\/posts\/6075\/revisions"}],"predecessor-version":[{"id":6080,"href":"https:\/\/www.visionweb.com.ar\/index.php?rest_route=\/wp\/v2\/posts\/6075\/revisions\/6080"}],"wp:featuredmedia":[{"embeddable":true,"href":"https:\/\/www.visionweb.com.ar\/index.php?rest_route=\/wp\/v2\/media\/6079"}],"wp:attachment":[{"href":"https:\/\/www.visionweb.com.ar\/index.php?rest_route=%2Fwp%2Fv2%2Fmedia&parent=6075"}],"wp:term":[{"taxonomy":"category","embeddable":true,"href":"https:\/\/www.visionweb.com.ar\/index.php?rest_route=%2Fwp%2Fv2%2Fcategories&post=6075"},{"taxonomy":"post_tag","embeddable":true,"href":"https:\/\/www.visionweb.com.ar\/index.php?rest_route=%2Fwp%2Fv2%2Ftags&post=6075"}],"curies":[{"name":"wp","href":"https:\/\/api.w.org\/{rel}","templated":true}]}}