{"id":6069,"date":"2022-06-15T15:44:28","date_gmt":"2022-06-15T18:44:28","guid":{"rendered":"https:\/\/www.visionweb.com.ar\/?p=6069"},"modified":"2022-06-15T15:44:28","modified_gmt":"2022-06-15T18:44:28","slug":"el-municipio-de-almirante-brown-distingue-a-vecinos-solidarios","status":"publish","type":"post","link":"https:\/\/www.visionweb.com.ar\/?p=6069","title":{"rendered":"El municipio de Almirante Brown distingue a vecinos solidarios"},"content":{"rendered":"<p><em><strong>Las distinciones fueron entregadas a vecinos que entre 2020 y 2022 se destacaron por diversas acciones de solidaridad.<\/strong><\/em><!--more--><\/p>\n<p><strong>\u00a0 \u00a0 \u00a0 <img loading=\"lazy\" decoding=\"async\" class=\"size-medium wp-image-6073 alignright\" src=\"https:\/\/www.visionweb.com.ar\/wp-content\/uploads\/2022\/06\/Entrega-de-reconocimientos-300x168.png\" alt=\"\" width=\"300\" height=\"168\" srcset=\"https:\/\/www.visionweb.com.ar\/wp-content\/uploads\/2022\/06\/Entrega-de-reconocimientos-300x168.png 300w, https:\/\/www.visionweb.com.ar\/wp-content\/uploads\/2022\/06\/Entrega-de-reconocimientos-768x429.png 768w, https:\/\/www.visionweb.com.ar\/wp-content\/uploads\/2022\/06\/Entrega-de-reconocimientos.png 800w\" sizes=\"auto, (max-width: 300px) 100vw, 300px\" \/>\u00a0 U<\/strong>n grupo de vecinos del partido de Almirante Brown, fueron distinguidos por las autoridades municipales por diversas acciones relacionadas a la solidaridad y al bien com\u00fan, en un acto que se realiz\u00f3 en la casa Municipal de la Cultura, en la ciudad de Adrogu\u00e9.<\/p>\n<p>Asimismo, se present\u00f3 la la agenda de actividades y objetivos de trabajo que el programa solidario municipal \u201cCausa Com\u00fan\u201d promover\u00e1 en 2022 y 2023.<\/p>\n<p>El encuentro fue presidido por el diputado provincial (PJ), Mariano Cascallares,en uso de como jefe comunal, y el intendente de Almirante Brown, Juan Fabiani.<\/p>\n<p>En la ocasi\u00f3n Fabiani record\u00f3 los inicios de \u00abCausa Com\u00fan\u00bb, que se origin\u00f3 y fue creciendo por la colaboraci\u00f3n y solidaridad de la gente: \u00abCreo que la presentaci\u00f3n de la agenda del programa habla de las ganas de que este gran programa solidario contin\u00fae creciendo mientras todos juntos sigamos siendo solidarios, entendiendo que nadie se salva solo\u00bb.<\/p>\n<p>Por su parte, Cascallares se\u00f1al\u00f3 que \u00abCausa Com\u00fan es solidaridad, es amor, es el compromiso por el otro, y as\u00ed surgi\u00f3 en cada uno de ustedes que dieron lo mejor de s\u00ed en un momento de incertidumbre donde trat\u00e1bamos de pensar como nos ten\u00edamos que organizar, y lograr en el distrito que nuestra gente no la pasar\u00e1 mal\u00bb.<\/p>\n<p>En el acto se realiz\u00f3 la entrega de reconocimientos a vecinas y vecinos del distrito, distinguidos como embajadores de \u201cCausa Com\u00fan\u201d, a trav\u00e9s de la ordenanza N\u00b012.353\/21, por su aporte y por representar e inspirar los valores de la solidaridad y el bien com\u00fan.<\/p>\n<p>En ese marco fueron distinguidos Francisco \u201cPancho\u201d Leone, presidente de CUCAIBA, con quien se firm\u00f3 el convenio de \u201cMunicipio Donante\u201d; Catalina Isabel Mamani, quien dona frutas y verduras todos los s\u00e1bados desde el inicio de la pandemia hasta la actualidad; Karina Floribal, vecina de Burzaco, que particip\u00f3 en diferentes jornadas donando sangre, plasma, plaquetas y cabello, convirti\u00e9ndose en multidonante, y Miguel Rodr\u00edguez, titular de la empresa GENROD y ex presidente de la Uni\u00f3n Industrial de Almirante Brown, quien don\u00f3 500 camas producidas por su empresa durante la pandemia de Covid-19.<\/p>\n<p>Durante el encuentro se proyect\u00f3 un video con las acciones del programa solidario entre 2020 y 2022, y se present\u00f3 la propuesta de trabajo con doce objetivos mensuales desde junio de 2022 a mayo de 2023, que abarca tem\u00e1ticas como el medio ambiente, la concientizaci\u00f3n sobre el c\u00e1ncer de mama, la ni\u00f1ez, el regreso a la escuela, la salud animal, la seguridad vial, las comunidades sostenibles y la alimentaci\u00f3n.<\/p>\n<p>Asimismo, entre los ejes de trabajo se incluy\u00f3 a la\u00a0 responsabilidad social empresarial, la donaci\u00f3n de sangre (y Brown como el Primer Municipio Donante)<\/p>\n<p>Del acto, particparon tambi\u00e9n el presidente del Concejo Deliberante, Nicol\u00e1s Jawtuschenko, el Obispo de Lomas de Zamora, Monse\u00f1or Jorge Lugones; el presidente del Centro \u00danico Coordinador de Ablaci\u00f3n e Implante de la provincia de Buenos Aires (CUCAIBA), Francisco Leone; y la subsecretaria de Familia, G\u00e9neros y Pol\u00edticas Sociales local, Leda Quintana, entre otros.<\/p>\n<p>M\u00e1s adelante Cascallares, tras agradecer\u00a0 y renovar el compromiso de seguir trabajando en la causa destac\u00f3: \u00abEs un orgullo estar ac\u00e1 para demostrar nuestro reconocimiento a ustedes por pensar en el otro, y al mismo tiempo agradecer al equipo de Causa Com\u00fan por la fuerte planificaci\u00f3n de trabajo para el pr\u00f3ximo a\u00f1o\u00bb. \u00abHemos trabajado dos a\u00f1os y vamos a seguir haci\u00e9ndolo para que el tercero sea de muchos logros, trabajando fuerte desde la gesti\u00f3n y de la comunidad organizada\u00bb, a\u00f1adi\u00f3.<\/p>\n<p>En tanto, Jawtuschenko -responsable de \u00abCausa Com\u00fan\u00bb- agradeci\u00f3 la generosidad y compromiso de todos los que integran el programa, que es un puente entre el que puede colaborar y el que necesita, y donde el Estado se propone como articulador de la pol\u00edtica de ayudar de manera innovadora. \u00abEsta es una experiencia de desarrollo comunitario. El bien com\u00fan nos une\u00bb, concluy\u00f3.<\/p>\n<p>Todos recibieron un diploma, un acr\u00edlico y un bander\u00edn institucional y adem\u00e1s fueron homenajeados con sentidas palabras por parte de quienes conocen sus acciones y valores, a trav\u00e9s de proyecciones (videos) de testimonios.<\/p>\n<p>Participaron tambi\u00e9n de la jornada, el presidente de la Comisi\u00f3n Mixta del Sector Industrial Planificado de Almirante Brown, Hern\u00e1n Pereyra; el titular de la Uni\u00f3n Industrial de Almirante Brown, Ariel Vinagre, representantes del Instituto de Hemoterapia de la provincia de Buenos Aires, y del Banco Provincia, adem\u00e1s de concejales y concejalas, funcionarios del Ejecutivo municipal, representantes de la Universidad Nacional Guillermo Brown, de entidades de bien p\u00fablico e instituciones del distrito.<\/p>\n<p>\u00abCausa Com\u00fan\u00bb fue lanzado por el Municipio de Almirante Brown en abril de 2020 con el inicio de la pandemia y se convirti\u00f3 en un ejemplo de intermediaci\u00f3n y solidaridad entre el Estado y las vecinas y vecinos que m\u00e1s lo necesitan<strong>(VW)<\/strong>.<\/p>\n<p>&nbsp;<\/p>\n<p>&nbsp;<\/p>\n","protected":false},"excerpt":{"rendered":"<p>Las distinciones fueron entregadas a vecinos que entre 2020 y 2022 se destacaron por diversas acciones de solidaridad.<\/p>\n","protected":false},"author":3,"featured_media":6073,"comment_status":"closed","ping_status":"closed","sticky":false,"template":"","format":"standard","meta":{"_monsterinsights_skip_tracking":false,"_monsterinsights_sitenote_active":false,"_monsterinsights_sitenote_note":"","_monsterinsights_sitenote_category":0,"footnotes":""},"categories":[5],"tags":[],"class_list":["post-6069","post","type-post","status-publish","format-standard","has-post-thumbnail","hentry","category-sociedad"],"_links":{"self":[{"href":"https:\/\/www.visionweb.com.ar\/index.php?rest_route=\/wp\/v2\/posts\/6069","targetHints":{"allow":["GET"]}}],"collection":[{"href":"https:\/\/www.visionweb.com.ar\/index.php?rest_route=\/wp\/v2\/posts"}],"about":[{"href":"https:\/\/www.visionweb.com.ar\/index.php?rest_route=\/wp\/v2\/types\/post"}],"author":[{"embeddable":true,"href":"https:\/\/www.visionweb.com.ar\/index.php?rest_route=\/wp\/v2\/users\/3"}],"replies":[{"embeddable":true,"href":"https:\/\/www.visionweb.com.ar\/index.php?rest_route=%2Fwp%2Fv2%2Fcomments&post=6069"}],"version-history":[{"count":1,"href":"https:\/\/www.visionweb.com.ar\/index.php?rest_route=\/wp\/v2\/posts\/6069\/revisions"}],"predecessor-version":[{"id":6074,"href":"https:\/\/www.visionweb.com.ar\/index.php?rest_route=\/wp\/v2\/posts\/6069\/revisions\/6074"}],"wp:featuredmedia":[{"embeddable":true,"href":"https:\/\/www.visionweb.com.ar\/index.php?rest_route=\/wp\/v2\/media\/6073"}],"wp:attachment":[{"href":"https:\/\/www.visionweb.com.ar\/index.php?rest_route=%2Fwp%2Fv2%2Fmedia&parent=6069"}],"wp:term":[{"taxonomy":"category","embeddable":true,"href":"https:\/\/www.visionweb.com.ar\/index.php?rest_route=%2Fwp%2Fv2%2Fcategories&post=6069"},{"taxonomy":"post_tag","embeddable":true,"href":"https:\/\/www.visionweb.com.ar\/index.php?rest_route=%2Fwp%2Fv2%2Ftags&post=6069"}],"curies":[{"name":"wp","href":"https:\/\/api.w.org\/{rel}","templated":true}]}}