{"id":6067,"date":"2022-06-15T15:10:15","date_gmt":"2022-06-15T18:10:15","guid":{"rendered":"https:\/\/www.visionweb.com.ar\/?p=6067"},"modified":"2022-06-15T15:10:15","modified_gmt":"2022-06-15T18:10:15","slug":"ya-falta-gasoil-en-21-provincias-y-el-sector-rural-prepara-protestas","status":"publish","type":"post","link":"https:\/\/www.visionweb.com.ar\/?p=6067","title":{"rendered":"Ya falta gasoil en 21 provincias y el sector rural prepara protestas"},"content":{"rendered":"<p><em><strong>Se sumaron las provincias de R\u00edo Negro y Santa Cruz con problemas asociados a la carga normal de combustible. Y contin\u00faan los reclamos al Gobierno para que solucione el faltante y los sobreprecios.<\/strong><\/em><!--more--><\/p>\n<div id=\"attachment_6070\" style=\"width: 727px\" class=\"wp-caption aligncenter\"><img loading=\"lazy\" decoding=\"async\" aria-describedby=\"caption-attachment-6070\" class=\"wp-image-6070 size-full\" src=\"https:\/\/www.visionweb.com.ar\/wp-content\/uploads\/2022\/06\/carga-combustible-fadeeac.bmp\" alt=\"\" width=\"717\" height=\"345\" \/><p id=\"caption-attachment-6070\" class=\"wp-caption-text\">Guarnieri: \u00abhay desv\u00edo de combustible desde el Sur para intentar compensar la situaci\u00f3n. (Fotos: Fadeeac)<\/p><\/div>\n<p><strong>\u00a0\u00a0\u00a0\u00a0\u00a0\u00a0\u00a0\u00a0\u00a0\u00a0\u00a0\u00a0\u00a0\u00a0\u00a0\u00a0\u00a0 \u00a0\u00a0\u00a0\u00a0\u00a0\u00a0\u00a0 L<\/strong>os presidentes de las cuatro entidades que integran la <strong>Mesa<\/strong><strong> de Enlace<\/strong> advirtieron a los funcionarios sobre los problemas que generan el escaso o nulo abastecimiento del combustible, adem\u00e1s de los sobreprecios que los productores, contratistas rurales y transportistas deben pagar. Ya que el faltante de gasoil impacta tanto en las actividades productivas como en la log\u00edstica para el traslado de alimentos al mercado interno.<\/p>\n<p>En un comunicado, los dirigentes expresaron que: \u201cNadie se hace responsable de esta situaci\u00f3n, y ante ello escuchamos una larga cadena de justificaciones y explicaciones por parte de los funcionarios p\u00fablicos que aseguran la existencia de recursos financieros para la pronta regularizaci\u00f3n. Los d\u00edas pasan y nada de esto sucede, por lo contrario, empeora\u201d.<\/p>\n<p>En ese sentido, desde la Mesa indicaron que se iniciar\u00e1 un proceso de acciones de protesta:<\/p>\n<p>En primer lugar, el 29 del presente mes, en Capital Federal, se convocar\u00e1 a una jornada de trabajo a los sectores productivos, pero tambi\u00e9n comercial, transporte e industrial, ganader\u00eda y econom\u00edas regionales, para reflexionar acerca de la problem\u00e1tica del sector, y elaborar un documento.<\/p>\n<p>En segundo lugar, en los primeros d\u00edas del pr\u00f3ximo mes de julio se proceder\u00e1 a realizar una serie de manifestaciones en distintas rutas del pa\u00eds donde se entregar\u00e1 dicho documento para concientizar a la poblaci\u00f3n sobre el momento que atraviesa el campo y toda la actividad agroindustrial.<\/p>\n<p>Hasta el momento el Gobierno eval\u00faa aumentar de manera temporaria el corte de biodi\u00e9sel con gasoil. La medida que se podr\u00eda aplicar es para los meses de julio y agosto, con la mezcla que pasar\u00eda del 5 por ciento actual al 15.<\/p>\n<p>La semana pasada hubo una reuni\u00f3n de funcionarios de la Secretar\u00eda de Energ\u00eda con transportistas de cargas, donde se confirm\u00f3 que estaba en estudio una medida de estas caracter\u00edsticas.<\/p>\n<p><a href=\"https:\/\/www.visionweb.com.ar\/wp-content\/uploads\/2022\/06\/mapa-combustible.bmp\"><img loading=\"lazy\" decoding=\"async\" class=\"size-full wp-image-6071 aligncenter\" src=\"https:\/\/www.visionweb.com.ar\/wp-content\/uploads\/2022\/06\/mapa-combustible.bmp\" alt=\"\" width=\"615\" height=\"410\" \/><\/a>Por otra parte, seg\u00fan el\u00a0\u201cMapa de abastecimiento de gasoil\u201d, creado por t\u00e9cnicos de la <strong>Federaci\u00f3n Argentina de Entidades Empresarias del Autotransporte de Cargas<\/strong> (FADEEAC), ya\u00a0son 21 las provincias que presentan problemas para acceder al combustible. (Ver nota:\u00a0https:\/\/www.visionweb.com.ar\/?p=5874).<\/p>\n<p><strong>\u00a0<\/strong>El presidente de FADEEAC Roberto Guarnieri,\u00a0dijo al respecto que: \u201cEstamos frente a un<strong>\u00a0<\/strong>efecto de manta corta: hay desv\u00edo de combustible desde el Sur para intentar compensar la situaci\u00f3n de las regiones m\u00e1s complicadas, en el Centro y Norte del pa\u00eds. La situaci\u00f3n se complica con el paso de los d\u00edas y lo que nos genera mayor preocupaci\u00f3n es que no vemos soluciones concretas a corto plazo. Aumentar el corte del biodiesel puede ser una medida paliativa, pero no resuelve la cuesti\u00f3n de fondo. M\u00e1s all\u00e1 de los anuncios oficiales sobre la supuesta importaci\u00f3n de gasoil no tenemos certezas de cu\u00e1ndo ocurrir\u00e1 eso\u201d. <strong>(VW)<\/strong><\/p>\n<p>&nbsp;<\/p>\n","protected":false},"excerpt":{"rendered":"<p>Se sumaron las provincias de R\u00edo Negro y Santa Cruz con problemas asociados a la carga normal de combustible. Y contin\u00faan los reclamos al Gobierno para que solucione el faltante y los sobreprecios.<\/p>\n","protected":false},"author":4,"featured_media":6071,"comment_status":"closed","ping_status":"closed","sticky":false,"template":"","format":"standard","meta":{"_monsterinsights_skip_tracking":false,"_monsterinsights_sitenote_active":false,"_monsterinsights_sitenote_note":"","_monsterinsights_sitenote_category":0,"footnotes":""},"categories":[6,4,5],"tags":[432,2393,2481,1121],"class_list":["post-6067","post","type-post","status-publish","format-standard","has-post-thumbnail","hentry","category-economia","category-politica","category-sociedad","tag-desabastecimiento","tag-fadeeac","tag-falta-gasoil","tag-mesa-de-enlace"],"_links":{"self":[{"href":"https:\/\/www.visionweb.com.ar\/index.php?rest_route=\/wp\/v2\/posts\/6067","targetHints":{"allow":["GET"]}}],"collection":[{"href":"https:\/\/www.visionweb.com.ar\/index.php?rest_route=\/wp\/v2\/posts"}],"about":[{"href":"https:\/\/www.visionweb.com.ar\/index.php?rest_route=\/wp\/v2\/types\/post"}],"author":[{"embeddable":true,"href":"https:\/\/www.visionweb.com.ar\/index.php?rest_route=\/wp\/v2\/users\/4"}],"replies":[{"embeddable":true,"href":"https:\/\/www.visionweb.com.ar\/index.php?rest_route=%2Fwp%2Fv2%2Fcomments&post=6067"}],"version-history":[{"count":2,"href":"https:\/\/www.visionweb.com.ar\/index.php?rest_route=\/wp\/v2\/posts\/6067\/revisions"}],"predecessor-version":[{"id":6072,"href":"https:\/\/www.visionweb.com.ar\/index.php?rest_route=\/wp\/v2\/posts\/6067\/revisions\/6072"}],"wp:featuredmedia":[{"embeddable":true,"href":"https:\/\/www.visionweb.com.ar\/index.php?rest_route=\/wp\/v2\/media\/6071"}],"wp:attachment":[{"href":"https:\/\/www.visionweb.com.ar\/index.php?rest_route=%2Fwp%2Fv2%2Fmedia&parent=6067"}],"wp:term":[{"taxonomy":"category","embeddable":true,"href":"https:\/\/www.visionweb.com.ar\/index.php?rest_route=%2Fwp%2Fv2%2Fcategories&post=6067"},{"taxonomy":"post_tag","embeddable":true,"href":"https:\/\/www.visionweb.com.ar\/index.php?rest_route=%2Fwp%2Fv2%2Ftags&post=6067"}],"curies":[{"name":"wp","href":"https:\/\/api.w.org\/{rel}","templated":true}]}}