{"id":6030,"date":"2022-06-13T15:17:44","date_gmt":"2022-06-13T18:17:44","guid":{"rendered":"https:\/\/www.visionweb.com.ar\/?p=6030"},"modified":"2022-06-13T15:17:44","modified_gmt":"2022-06-13T18:17:44","slug":"almirante-brown-habilitan-un-servicio-mental-en-el-hospital-onativia","status":"publish","type":"post","link":"https:\/\/www.visionweb.com.ar\/?p=6030","title":{"rendered":"Almirante Brown: Habilitan un servicio mental en el hospital O\u00f1ativia"},"content":{"rendered":"<p><strong><em>El servicio cuenta con cuatro camas de internaci\u00f3n y un equipo interdisciplinario de asistencia y acompa\u00f1amiento a personas en situaciones de urgencia.<\/em><\/strong><!--more--><\/p>\n<div id=\"attachment_6031\" style=\"width: 310px\" class=\"wp-caption alignleft\"><img loading=\"lazy\" decoding=\"async\" aria-describedby=\"caption-attachment-6031\" class=\"wp-image-6031 size-medium\" src=\"https:\/\/www.visionweb.com.ar\/wp-content\/uploads\/2022\/06\/El-personal-del-Onativa-300x167.png\" alt=\"\" width=\"300\" height=\"167\" srcset=\"https:\/\/www.visionweb.com.ar\/wp-content\/uploads\/2022\/06\/El-personal-del-Onativa-300x167.png 300w, https:\/\/www.visionweb.com.ar\/wp-content\/uploads\/2022\/06\/El-personal-del-Onativa-768x428.png 768w, https:\/\/www.visionweb.com.ar\/wp-content\/uploads\/2022\/06\/El-personal-del-Onativa.png 800w\" sizes=\"auto, (max-width: 300px) 100vw, 300px\" \/><p id=\"caption-attachment-6031\" class=\"wp-caption-text\"><em><strong>El personal del Salud Mental del hospital O\u00f1ativia junto a la Sub secretaria Calmels (Prensa Ministerio de Salud)<\/strong><\/em><\/p><\/div>\n<p><strong> E<\/strong>n el marco de la transformaci\u00f3n del modelo de atenci\u00f3n en Salud Mental que implementa la provincia de Buenos Aires, el ministerio de Salud inaugur\u00f3 ayer una sala de internaci\u00f3n para usuarios y usuarias con motivos de salud mental y consumos problem\u00e1ticos en el hospital \u201cDr. Arturo O\u00f1ativia\u201d de Almirante Brown.<\/p>\n<p>El nuevo sector cuenta con cuatro camas, un office de enfermer\u00eda, un espacio libre\u00a0 de estar y esparcimiento y consultorio. Estar\u00e1 atendido por un equipo interdisciplinario compuesto por 16 profesionales para garantizar el acompa\u00f1amiento y cuidado de las personas.<\/p>\n<p>\u201cSeguimos ampliando la red provincial de atenci\u00f3n en Salud Mental y Consumos Problem\u00e1ticos para que todas y todos los bonaerenses tengan acceso a un sistema de salud cercano y respetuoso de sus derechos\u201d, expres\u00f3 la subsecretaria de Salud Mental, Consumos Problem\u00e1ticos y Violencias en el \u00e1mbito de la Salud P\u00fablica, Julieta Calmels, quien estuvo acompa\u00f1ada por el director provincial de Hospitales, Juan Sebasti\u00e1n Riera; el director provincial de Salud Mental y Consumos Problem\u00e1ticos,\u00a0 Mariano Rey, y el equipo directivo del hospital.<\/p>\n<p>Al respecto, las autoridades recordaron que al inicio de la gesti\u00f3n, el servicio de salud mental del \u201cO\u00f1ativia\u201d contaba con cuatro profesionales y hoy ya son 16 quienes integran el equipo.<\/p>\n<h3 style=\"text-align: center;\"><span style=\"color: #0000ff;\"><em><strong>El sector posee cuatro camas para internaci\u00f3n<\/strong><\/em><\/span><\/h3>\n<p>Cabe destacar que durante el proceso de transformaci\u00f3n en la Provincia, y en l\u00ednea con el cumplimiento de la Ley de Salud Mental, la cartera sanitaria incorpor\u00f3 38 equipos interdisciplinarios conformados por psic\u00f3logas y psic\u00f3logos, psiquiatras, trabajadores y trabajadoras sociales, para las urgencias en salud mental en hospitales generales, incorporando as\u00ed 120 profesionales nuevos, adem\u00e1s de la ampliaci\u00f3n de los servicios de salud mental de asistencia ambulatoria.<\/p>\n<p>En ese sentido, la Ley N\u00ba 26.657 establece que quienes atraviesan problem\u00e1ticas de salud mental deben ser asistidas en hospitales generales y no en instituciones monovalentes psiqui\u00e1tricas. Es por ello que la adecuaci\u00f3n de los hospitales generales para la atenci\u00f3n de crisis por salud mental es un eje de la pol\u00edtica provincial.<\/p>\n<p>Junto a la transformaci\u00f3n de los cuatro hospitales neuropsiqui\u00e1tricos p\u00fablicos de la Provincia, el Ministerio trabaja en el fortalecimiento de los hospitales generales a trav\u00e9s de 3 ejes: adecuaci\u00f3n edilicia, incorporaci\u00f3n de recursos humanos y adecuaci\u00f3n del modelo de atenci\u00f3n. Estas acciones brindan mayor accesibilidad al sistema de salud, ampliando la capacidad de respuesta, en dispositivos cercanos a las personas<strong>(VW)<\/strong>.<\/p>\n","protected":false},"excerpt":{"rendered":"<p>El servicio cuenta con cuatro camas de internaci\u00f3n y un equipo interdisciplinario de asistencia y acompa\u00f1amiento a personas en situaciones de urgencia.<\/p>\n","protected":false},"author":3,"featured_media":6031,"comment_status":"closed","ping_status":"closed","sticky":false,"template":"","format":"standard","meta":{"_monsterinsights_skip_tracking":false,"_monsterinsights_sitenote_active":false,"_monsterinsights_sitenote_note":"","_monsterinsights_sitenote_category":0,"footnotes":""},"categories":[8],"tags":[658,2462,2461],"class_list":["post-6030","post","type-post","status-publish","format-standard","has-post-thumbnail","hentry","category-interes-general","tag-almirante-brown","tag-onativia","tag-slud-mental"],"_links":{"self":[{"href":"https:\/\/www.visionweb.com.ar\/index.php?rest_route=\/wp\/v2\/posts\/6030","targetHints":{"allow":["GET"]}}],"collection":[{"href":"https:\/\/www.visionweb.com.ar\/index.php?rest_route=\/wp\/v2\/posts"}],"about":[{"href":"https:\/\/www.visionweb.com.ar\/index.php?rest_route=\/wp\/v2\/types\/post"}],"author":[{"embeddable":true,"href":"https:\/\/www.visionweb.com.ar\/index.php?rest_route=\/wp\/v2\/users\/3"}],"replies":[{"embeddable":true,"href":"https:\/\/www.visionweb.com.ar\/index.php?rest_route=%2Fwp%2Fv2%2Fcomments&post=6030"}],"version-history":[{"count":1,"href":"https:\/\/www.visionweb.com.ar\/index.php?rest_route=\/wp\/v2\/posts\/6030\/revisions"}],"predecessor-version":[{"id":6032,"href":"https:\/\/www.visionweb.com.ar\/index.php?rest_route=\/wp\/v2\/posts\/6030\/revisions\/6032"}],"wp:featuredmedia":[{"embeddable":true,"href":"https:\/\/www.visionweb.com.ar\/index.php?rest_route=\/wp\/v2\/media\/6031"}],"wp:attachment":[{"href":"https:\/\/www.visionweb.com.ar\/index.php?rest_route=%2Fwp%2Fv2%2Fmedia&parent=6030"}],"wp:term":[{"taxonomy":"category","embeddable":true,"href":"https:\/\/www.visionweb.com.ar\/index.php?rest_route=%2Fwp%2Fv2%2Fcategories&post=6030"},{"taxonomy":"post_tag","embeddable":true,"href":"https:\/\/www.visionweb.com.ar\/index.php?rest_route=%2Fwp%2Fv2%2Ftags&post=6030"}],"curies":[{"name":"wp","href":"https:\/\/api.w.org\/{rel}","templated":true}]}}