{"id":6015,"date":"2022-06-13T12:31:42","date_gmt":"2022-06-13T15:31:42","guid":{"rendered":"https:\/\/www.visionweb.com.ar\/?p=6015"},"modified":"2022-06-13T12:31:42","modified_gmt":"2022-06-13T15:31:42","slug":"hoy-se-celebra-el-dia-del-escritor-en-la-argentina","status":"publish","type":"post","link":"https:\/\/www.visionweb.com.ar\/?p=6015","title":{"rendered":"Hoy se celebra el D\u00eda del Escritor en la Argentina"},"content":{"rendered":"<p><em><strong>Este 13 de junio se conmemora el D\u00eda del Escritor en la Argentina en homenaje al nacimiento de Leopoldo Lugones, poeta, cuentista, ensayista y novelista argentino.<\/strong><\/em><!--more--><\/p>\n<p><strong><img loading=\"lazy\" decoding=\"async\" class=\"size-full wp-image-6017 aligncenter\" src=\"https:\/\/www.visionweb.com.ar\/wp-content\/uploads\/2022\/06\/dia-del-escritor.bmp\" alt=\"\" width=\"506\" height=\"430\" \/>E<\/strong>l D\u00eda del Escritor se celebra en la Argentina en conmemoraci\u00f3n a Leopoldo Lugones que naci\u00f3 el 13 de junio\u00a01874 en Villa Mar\u00eda del R\u00edo Seco, provincia de C\u00f3rdoba. La fecha surgi\u00f3 para homenajear a aquellos profesionales responsables de la creaci\u00f3n literaria como forma de expresi\u00f3n art\u00edstica y humana.<\/p>\n<p>El ilustre Leopoldo Lugones\u00a0fund\u00f3 la Sociedad Argentina de Escritores (SADE),\u00a0la cual presidi\u00f3 junto a Horacio Quiroga como vice entre 1928 y 1932, y tras su muerte, fue la instituci\u00f3n que estableci\u00f3 el d\u00eda de su natalicio\u00a0como el D\u00eda del Escritor.<\/p>\n<p>Adem\u00e1s de escritor, Lugones fue poeta, ensayista, cuentista, novelista, dramaturgo, periodista, historiador, pedagogo, docente, traductor, bi\u00f3grafo, fil\u00f3logo, te\u00f3sofo, diplom\u00e1tico y pol\u00edtico.\u00a0Con sus cuentos se transform\u00f3 en el precursor y uno de los pioneros de la literatura fant\u00e1stica y de ciencia ficci\u00f3n en Argentina.<\/p>\n<p>Seg\u00fan destaca el Ministerio de Cultura, \u00aben su obra\u00a0forj\u00f3 de hecho una vanguardia literaria que rompi\u00f3 con la herencia hispanista\u00a0y sent\u00f3 as\u00ed las bases de una literatura moderna, siempre en la b\u00fasqueda de una lengua propia para nuestro pa\u00eds\u00bb.<\/p>\n<p><a href=\"https:\/\/www.visionweb.com.ar\/wp-content\/uploads\/2022\/06\/libros-ii.bmp\"><img loading=\"lazy\" decoding=\"async\" class=\"size-full wp-image-6018 aligncenter\" src=\"https:\/\/www.visionweb.com.ar\/wp-content\/uploads\/2022\/06\/libros-ii.bmp\" alt=\"\" width=\"481\" height=\"261\" \/><\/a>Admirador de Rub\u00e9n Dar\u00edo, fue autor de una treintena de libros, entre ellos <em>Los crep\u00fasculos del jard\u00edn<\/em>,\u00a0<em>Las fuerzas extra\u00f1as<\/em>,<em>\u00a0<\/em><em>Las horas doradas<\/em><em>\u00a0<\/em>y\u00a0<em>La guerra gaucha<\/em>, que fue llevada al cine en 1942 por Lucas Demare.<\/p>\n<p>Vivi\u00f3 en Par\u00eds antes de que estallara la Primera Guerra Mundial. Cuando regres\u00f3 a Argentina fue director del suplemento literario de &#8216;La Naci\u00f3n&#8217; y bibliotecario del Consejo de Educaci\u00f3n.<\/p>\n<p>Adem\u00e1s,\u00a0dirigi\u00f3 hasta su muerte la Biblioteca Nacional de Maestros\u00a0y contribuy\u00f3 a dise\u00f1ar una reforma para la educaci\u00f3n secundaria nacional. <strong>(VW)<\/strong><\/p>\n<p>&nbsp;<\/p>\n","protected":false},"excerpt":{"rendered":"<p>Este 13 de junio se conmemora el D\u00eda del Escritor en la Argentina en homenaje al nacimiento de Leopoldo Lugones, poeta, cuentista, ensayista y novelista argentino.<\/p>\n","protected":false},"author":4,"featured_media":6018,"comment_status":"closed","ping_status":"closed","sticky":false,"template":"","format":"standard","meta":{"_monsterinsights_skip_tracking":false,"_monsterinsights_sitenote_active":false,"_monsterinsights_sitenote_note":"","_monsterinsights_sitenote_category":0,"footnotes":""},"categories":[8],"tags":[162,2450,2452,2451],"class_list":["post-6015","post","type-post","status-publish","format-standard","has-post-thumbnail","hentry","category-interes-general","tag-argentina","tag-dia-del-escritor","tag-leopoldo-lugones","tag-sade"],"_links":{"self":[{"href":"https:\/\/www.visionweb.com.ar\/index.php?rest_route=\/wp\/v2\/posts\/6015","targetHints":{"allow":["GET"]}}],"collection":[{"href":"https:\/\/www.visionweb.com.ar\/index.php?rest_route=\/wp\/v2\/posts"}],"about":[{"href":"https:\/\/www.visionweb.com.ar\/index.php?rest_route=\/wp\/v2\/types\/post"}],"author":[{"embeddable":true,"href":"https:\/\/www.visionweb.com.ar\/index.php?rest_route=\/wp\/v2\/users\/4"}],"replies":[{"embeddable":true,"href":"https:\/\/www.visionweb.com.ar\/index.php?rest_route=%2Fwp%2Fv2%2Fcomments&post=6015"}],"version-history":[{"count":2,"href":"https:\/\/www.visionweb.com.ar\/index.php?rest_route=\/wp\/v2\/posts\/6015\/revisions"}],"predecessor-version":[{"id":6019,"href":"https:\/\/www.visionweb.com.ar\/index.php?rest_route=\/wp\/v2\/posts\/6015\/revisions\/6019"}],"wp:featuredmedia":[{"embeddable":true,"href":"https:\/\/www.visionweb.com.ar\/index.php?rest_route=\/wp\/v2\/media\/6018"}],"wp:attachment":[{"href":"https:\/\/www.visionweb.com.ar\/index.php?rest_route=%2Fwp%2Fv2%2Fmedia&parent=6015"}],"wp:term":[{"taxonomy":"category","embeddable":true,"href":"https:\/\/www.visionweb.com.ar\/index.php?rest_route=%2Fwp%2Fv2%2Fcategories&post=6015"},{"taxonomy":"post_tag","embeddable":true,"href":"https:\/\/www.visionweb.com.ar\/index.php?rest_route=%2Fwp%2Fv2%2Ftags&post=6015"}],"curies":[{"name":"wp","href":"https:\/\/api.w.org\/{rel}","templated":true}]}}