{"id":6013,"date":"2022-06-13T14:58:55","date_gmt":"2022-06-13T17:58:55","guid":{"rendered":"https:\/\/www.visionweb.com.ar\/?p=6013"},"modified":"2022-06-13T14:58:55","modified_gmt":"2022-06-13T17:58:55","slug":"protestas-en-la-plata-por-la-falta-de-gas-en-las-escuelas","status":"publish","type":"post","link":"https:\/\/www.visionweb.com.ar\/?p=6013","title":{"rendered":"Protestas en La Plata por la falta de gas en las escuelas"},"content":{"rendered":"<p><em><strong>Los reclamos de los padres de los alumnos en La Plata y otras localidades bonaerenses insisten en respuestas a sus reclamos para mejorar la calidad de vida de los alumnos en las escuelas.<\/strong><\/em><!--more--><\/p>\n<p><img loading=\"lazy\" decoding=\"async\" class=\"size-medium wp-image-3455 alignleft\" src=\"https:\/\/www.visionweb.com.ar\/wp-content\/uploads\/2021\/11\/CHICOS-SIN-BARBIJOS-EN-LAS-ESCUELAS-300x169.png\" alt=\"\" width=\"300\" height=\"169\" srcset=\"https:\/\/www.visionweb.com.ar\/wp-content\/uploads\/2021\/11\/CHICOS-SIN-BARBIJOS-EN-LAS-ESCUELAS-300x169.png 300w, https:\/\/www.visionweb.com.ar\/wp-content\/uploads\/2021\/11\/CHICOS-SIN-BARBIJOS-EN-LAS-ESCUELAS.png 640w\" sizes=\"auto, (max-width: 300px) 100vw, 300px\" \/> \u00a0<strong>P<\/strong>adres y alumnos de distintas instituciones educativas, contin\u00faan con las protestas por el reclamo de\u00a0 mejoras edilicias de los edificios escolares y la falta de calefacci\u00f3n ante la llegada del invierno.<\/p>\n<p>Las manifestaciones contin\u00faan en los colegios, para lograr que desde la Provincia se pueda solucionar la falta de calefacci\u00f3n adecuada para que los chicos puedan asistir a clases y desarrollar con normalidad sus actividades.<\/p>\n<p>Mientras no reciben respuesta alguna, los pedidos de escucha se hacen cada vez mas a menudo, reuni\u00e9ndose en las puertas de los colegios y solicitando la ayuda correspondiente, que parece que no llega.<\/p>\n<p>En ese sentido la comunidad de la Secundaria N 3 de los Hornos realiz\u00f3 este viernes un reclamo frente al edificio de la Direcci\u00f3n General de Escuelas, ubicado en calle 13 entre 56 y 57, desde las 9 horas. \u00abVa a ser activo. Habr\u00e1 carteleria y un mu\u00f1eco de nieve (en relaci\u00f3n al fr\u00edo), etc\u00e9tera\u00bb, informaron.<\/p>\n<p>\u00abNuestros alumnos asisten a clases semana por medio, producto de la clausura del subsuelo, adem\u00e1s de la falta de calefacci\u00f3n en el edificio\u00bb, afirmaron <strong>(VW)<\/strong>.<\/p>\n<p>&nbsp;<\/p>\n<p>&nbsp;<\/p>\n","protected":false},"excerpt":{"rendered":"<p>Los reclamos de los padres de los alumnos en La Plata y otras localidades bonaerenses insisten en respuestas a sus reclamos para mejorar la calidad de vida de los alumnos en las escuelas.<\/p>\n","protected":false},"author":3,"featured_media":3455,"comment_status":"closed","ping_status":"closed","sticky":false,"template":"","format":"standard","meta":{"_monsterinsights_skip_tracking":false,"_monsterinsights_sitenote_active":false,"_monsterinsights_sitenote_note":"","_monsterinsights_sitenote_category":0,"footnotes":""},"categories":[7],"tags":[2460,2459,430,1826,2418],"class_list":["post-6013","post","type-post","status-publish","format-standard","has-post-thumbnail","hentry","category-educacion-y-cultura","tag-alumnos","tag-calefaccion","tag-escuelas","tag-gas","tag-invierno"],"_links":{"self":[{"href":"https:\/\/www.visionweb.com.ar\/index.php?rest_route=\/wp\/v2\/posts\/6013","targetHints":{"allow":["GET"]}}],"collection":[{"href":"https:\/\/www.visionweb.com.ar\/index.php?rest_route=\/wp\/v2\/posts"}],"about":[{"href":"https:\/\/www.visionweb.com.ar\/index.php?rest_route=\/wp\/v2\/types\/post"}],"author":[{"embeddable":true,"href":"https:\/\/www.visionweb.com.ar\/index.php?rest_route=\/wp\/v2\/users\/3"}],"replies":[{"embeddable":true,"href":"https:\/\/www.visionweb.com.ar\/index.php?rest_route=%2Fwp%2Fv2%2Fcomments&post=6013"}],"version-history":[{"count":1,"href":"https:\/\/www.visionweb.com.ar\/index.php?rest_route=\/wp\/v2\/posts\/6013\/revisions"}],"predecessor-version":[{"id":6029,"href":"https:\/\/www.visionweb.com.ar\/index.php?rest_route=\/wp\/v2\/posts\/6013\/revisions\/6029"}],"wp:featuredmedia":[{"embeddable":true,"href":"https:\/\/www.visionweb.com.ar\/index.php?rest_route=\/wp\/v2\/media\/3455"}],"wp:attachment":[{"href":"https:\/\/www.visionweb.com.ar\/index.php?rest_route=%2Fwp%2Fv2%2Fmedia&parent=6013"}],"wp:term":[{"taxonomy":"category","embeddable":true,"href":"https:\/\/www.visionweb.com.ar\/index.php?rest_route=%2Fwp%2Fv2%2Fcategories&post=6013"},{"taxonomy":"post_tag","embeddable":true,"href":"https:\/\/www.visionweb.com.ar\/index.php?rest_route=%2Fwp%2Fv2%2Ftags&post=6013"}],"curies":[{"name":"wp","href":"https:\/\/api.w.org\/{rel}","templated":true}]}}