{"id":5993,"date":"2022-06-10T11:02:03","date_gmt":"2022-06-10T14:02:03","guid":{"rendered":"https:\/\/www.visionweb.com.ar\/?p=5993"},"modified":"2022-06-10T11:02:27","modified_gmt":"2022-06-10T14:02:27","slug":"lanus-los-operativos-de-salud-iran-a-villa-caraza","status":"publish","type":"post","link":"https:\/\/www.visionweb.com.ar\/?p=5993","title":{"rendered":"Lan\u00fas: Los operativos de salud ir\u00e1n a Villa Caraza"},"content":{"rendered":"<p><em><strong>A partir del lunes 13 y durante tres semanas consecutivas, las jornadas se realizar\u00e1n en el Club 9 de Julio de 9.30 a 12.30 horas. Se suspenden los d\u00edas feriados del 17 y 20.<\/strong><\/em><!--more--><\/p>\n<p><strong><img loading=\"lazy\" decoding=\"async\" class=\"size-medium wp-image-5996 alignright\" src=\"https:\/\/www.visionweb.com.ar\/wp-content\/uploads\/2022\/06\/lanus-salud-1-300x200.jpg\" alt=\"\" width=\"300\" height=\"200\" srcset=\"https:\/\/www.visionweb.com.ar\/wp-content\/uploads\/2022\/06\/lanus-salud-1-300x200.jpg 300w, https:\/\/www.visionweb.com.ar\/wp-content\/uploads\/2022\/06\/lanus-salud-1.jpg 540w\" sizes=\"auto, (max-width: 300px) 100vw, 300px\" \/>E<\/strong>l Municipio de Lan\u00fas trasladar\u00e1 los servicios que brindan los Operativos de Salud por \u00e1reas program\u00e1ticas al Barrio de Villa Caraza para que los vecinos y vecinas de esa zona cuenten con una amplia oferta de cobertura m\u00e9dica en forma gratuita.<\/p>\n<p>Entre\u00a0 el 13 y el 16 de junio, las personas podr\u00e1n recibir atenci\u00f3n especializada en toma de TA, glucemia capilar y pautas nutricionales en el Club 9 de Julio (Hernandarias y Rivadavia) de lunes a viernes en el horario de 9.30 a 12.30 hs., conforme indic\u00f3 Prensa de la comuna.<\/p>\n<div id=\"attachment_5997\" style=\"width: 310px\" class=\"wp-caption alignleft\"><img loading=\"lazy\" decoding=\"async\" aria-describedby=\"caption-attachment-5997\" class=\"wp-image-5997 size-medium\" src=\"https:\/\/www.visionweb.com.ar\/wp-content\/uploads\/2022\/06\/lanus-salud-2-300x168.jpg\" alt=\"\" width=\"300\" height=\"168\" srcset=\"https:\/\/www.visionweb.com.ar\/wp-content\/uploads\/2022\/06\/lanus-salud-2-300x168.jpg 300w, https:\/\/www.visionweb.com.ar\/wp-content\/uploads\/2022\/06\/lanus-salud-2.jpg 600w\" sizes=\"auto, (max-width: 300px) 100vw, 300px\" \/><p id=\"caption-attachment-5997\" class=\"wp-caption-text\">Los servicios de salud estar\u00e1n en el Club 9 de Julio donde brindar\u00e1n cobertura m\u00e9dica en forma gratuita. (Fotos: Prensa de Lan\u00fas)<\/p><\/div>\n<p>Adem\u00e1s, los equipos profesionales del \u00e1rea efectuar\u00e1n una b\u00fasqueda activa de potenciales pacientes y brindar\u00e1n turnos protegidos con el objetivo de responder a las necesidades sanitarias de la poblaci\u00f3n de manera r\u00e1pida y efectiva.<\/p>\n<p>Esta iniciativa se efect\u00faa en coordinaci\u00f3n con diferentes salas ubicadas en los diferentes puntos del distrito con el objetivo de agilizar el proceso y ofrecer a los pacientes tratamientos y servicios cercanos a sus domicilios.\u00a0<strong>(VW)<\/strong><\/p>\n<p>&nbsp;<\/p>\n<p>&nbsp;<\/p>\n","protected":false},"excerpt":{"rendered":"<p>A partir del lunes 13 y durante tres semanas consecutivas, las jornadas se realizar\u00e1n en el Club 9 de Julio de 9.30 a 12.30 horas. Se suspenden los d\u00edas feriados del 17 y 20.<\/p>\n","protected":false},"author":4,"featured_media":5997,"comment_status":"closed","ping_status":"closed","sticky":false,"template":"","format":"standard","meta":{"_monsterinsights_skip_tracking":false,"_monsterinsights_sitenote_active":false,"_monsterinsights_sitenote_note":"","_monsterinsights_sitenote_category":0,"footnotes":""},"categories":[3,5],"tags":[19,2443,2444],"class_list":["post-5993","post","type-post","status-publish","format-standard","has-post-thumbnail","hentry","category-actualidad","category-sociedad","tag-lanus","tag-operativos-de-salud","tag-villa-caraza"],"_links":{"self":[{"href":"https:\/\/www.visionweb.com.ar\/index.php?rest_route=\/wp\/v2\/posts\/5993","targetHints":{"allow":["GET"]}}],"collection":[{"href":"https:\/\/www.visionweb.com.ar\/index.php?rest_route=\/wp\/v2\/posts"}],"about":[{"href":"https:\/\/www.visionweb.com.ar\/index.php?rest_route=\/wp\/v2\/types\/post"}],"author":[{"embeddable":true,"href":"https:\/\/www.visionweb.com.ar\/index.php?rest_route=\/wp\/v2\/users\/4"}],"replies":[{"embeddable":true,"href":"https:\/\/www.visionweb.com.ar\/index.php?rest_route=%2Fwp%2Fv2%2Fcomments&post=5993"}],"version-history":[{"count":2,"href":"https:\/\/www.visionweb.com.ar\/index.php?rest_route=\/wp\/v2\/posts\/5993\/revisions"}],"predecessor-version":[{"id":6001,"href":"https:\/\/www.visionweb.com.ar\/index.php?rest_route=\/wp\/v2\/posts\/5993\/revisions\/6001"}],"wp:featuredmedia":[{"embeddable":true,"href":"https:\/\/www.visionweb.com.ar\/index.php?rest_route=\/wp\/v2\/media\/5997"}],"wp:attachment":[{"href":"https:\/\/www.visionweb.com.ar\/index.php?rest_route=%2Fwp%2Fv2%2Fmedia&parent=5993"}],"wp:term":[{"taxonomy":"category","embeddable":true,"href":"https:\/\/www.visionweb.com.ar\/index.php?rest_route=%2Fwp%2Fv2%2Fcategories&post=5993"},{"taxonomy":"post_tag","embeddable":true,"href":"https:\/\/www.visionweb.com.ar\/index.php?rest_route=%2Fwp%2Fv2%2Ftags&post=5993"}],"curies":[{"name":"wp","href":"https:\/\/api.w.org\/{rel}","templated":true}]}}