{"id":5988,"date":"2022-06-09T14:46:40","date_gmt":"2022-06-09T17:46:40","guid":{"rendered":"https:\/\/www.visionweb.com.ar\/?p=5988"},"modified":"2022-06-09T14:46:40","modified_gmt":"2022-06-09T17:46:40","slug":"movimientos-sociales-otra-marcha-y-amenaza-de-acampe","status":"publish","type":"post","link":"https:\/\/www.visionweb.com.ar\/?p=5988","title":{"rendered":"Movimientos sociales: Otra marcha y amenaza de acampe"},"content":{"rendered":"<p><em><strong>Cerca de 80 mil personas se movilizan al Ministerio de Desarrollo Social. Piden trabajo, recuperaci\u00f3n de salarios y se rebelan contra el ajuste del Fondo.<\/strong><\/em><!--more--><\/p>\n<div id=\"attachment_5990\" style=\"width: 664px\" class=\"wp-caption aligncenter\"><img loading=\"lazy\" decoding=\"async\" aria-describedby=\"caption-attachment-5990\" class=\"wp-image-5990 size-full\" src=\"https:\/\/www.visionweb.com.ar\/wp-content\/uploads\/2022\/06\/marcha-piquetera.bmp\" alt=\"\" width=\"654\" height=\"298\" \/><p id=\"caption-attachment-5990\" class=\"wp-caption-text\">Silvia Saravia: \u00abQue se deje de utilizar de rehenes a los que no quieren trabajar en las Unidades de Gesti\u00f3n\u00bb . (Foto: internet)<\/p><\/div>\n<p><strong>O<\/strong>rganizaciones piqueteras y sociales\u00a0vuelven a marchar frente al\u00a0Ministerio de Desarrollo Social que dirige\u00a0Juan Zabaleta, ubicado en la Avenida 9 de Julio 1925. Tras haber sido recibidas por la CGT en el d\u00eda de ayer, hoy se manifiestan en rechazo a las pol\u00edticas econ\u00f3micas del Gobierno Nacional bajo las consignas \u201cpor trabajo, contra el hambre y la pobreza\u201d,<em>\u00a0<\/em><em>\u201c<\/em>para recuperar los salarios ca\u00eddos\u201d\u00a0y\u00a0\u201ccontra el ajuste del Fondo Monetario Internacional\u201d.<\/p>\n<p>\u201cVamos a estar a concentrando en rechazo al ajuste a los comedores de los barrios, por la reapertura de los programas sociales y porque queremos trabajo genuino, una respuesta que estamos pidiendo hace un a\u00f1o\u201d, sostuvo Eduardo Belliboni, referente del Polo Obrero.<\/p>\n<p>Se espera la movilizaci\u00f3n de 80 mil personas frente al Ministerio de Desarrollo Social, de acuerdo con lo expresado por Belliboni.<\/p>\n<p>Al igual que en la pasada\u00a0\u201cMarcha Federal\u201d\u00a0del 12 de mayo, cuando juntaron a 150 mil personas frente a la Casa Rosada, habr\u00e1 movilizaciones piqueteras en simult\u00e1neo en las 24 provincias del pa\u00eds.<\/p>\n<p>Entre los reclamos, uno de los m\u00e1s importantes es el retraso y discontinuidades en las entregas de alimentos del Gobierno a los comedores comunitarios en los barrios.<\/p>\n<p>\u201cReci\u00e9n ahora, con el anuncio de la movilizaci\u00f3n, comenzaron a llegar alimentos en algunos puntos del Conurbano. Pero nosotros somos una organizaci\u00f3n nacional y necesitamos que estas cuestiones no se resuelvan por una marcha y que el ministro Zabaleta cumpla con su palabra\u201d, indic\u00f3 la coordinadora nacional de Barrios de Pie,\u00a0Silvia Saravia.<\/p>\n<p>Con referencia al programa Potenciar Trabajo, Saravia afirm\u00f3 que \u201ces necesaria una reapertura de los cupos\u201d\u00a0y pidi\u00f3\u00a0\u00abque se deje de utilizar de rehenes a las personas que no quieren trabajar en las Unidades de Gesti\u00f3n\u201d\u00a0que controlan el programa,\u00a0\u201cdonde las maltratan o les quitan dinero\u201d\u00a0y\u00a0\u201cen las que hay detr\u00e1s organizaciones sociales oficialistas\u201d.<\/p>\n<p>Adem\u00e1s del Polo Obrero y Barrios de Pie, son parte de la movilizaci\u00f3n MST-Teresa Vive, Frente de Organizaciones en Lucha (FOL), el Bloque Piquetero Nacional, el Frente Popular Dar\u00edo Santill\u00e1n y el Movimiento por la Unidad Latinoamericana y el Cambio Social, entre otras organizaciones.<\/p>\n<p><strong>Los incidentes<\/strong>: Se registraron empujones con gendarmer\u00eda en el Puente Pueyrred\u00f3n. Desde temprano, los principales accesos a la Ciudad estuvieron bloqueados por manifestantes.<\/p>\n<p>Los efectivos de Prefectura Naval se cruzaron con los manifestantes en un intento por desviar las columnas hacia el viejo puente, y en ese contexto hubo empujones, lanzamiento de gases antidisturbios, y un efectivo result\u00f3 herido con un corte en la cabeza. <strong>(VW)<\/strong><\/p>\n<p>&nbsp;<\/p>\n<p>&nbsp;<\/p>\n","protected":false},"excerpt":{"rendered":"<p>Cerca de 80 mil personas se movilizan al Ministerio de Desarrollo Social. Piden trabajo, recuperaci\u00f3n de salarios y se rebelan contra el ajuste del Fondo.<\/p>\n","protected":false},"author":4,"featured_media":5990,"comment_status":"closed","ping_status":"closed","sticky":false,"template":"","format":"standard","meta":{"_monsterinsights_skip_tracking":false,"_monsterinsights_sitenote_active":false,"_monsterinsights_sitenote_note":"","_monsterinsights_sitenote_category":0,"footnotes":""},"categories":[4,5],"tags":[277,516,2290,2441],"class_list":["post-5988","post","type-post","status-publish","format-standard","has-post-thumbnail","hentry","category-politica","category-sociedad","tag-cortes","tag-marcha","tag-movimientos-sociales","tag-pqueteros"],"_links":{"self":[{"href":"https:\/\/www.visionweb.com.ar\/index.php?rest_route=\/wp\/v2\/posts\/5988","targetHints":{"allow":["GET"]}}],"collection":[{"href":"https:\/\/www.visionweb.com.ar\/index.php?rest_route=\/wp\/v2\/posts"}],"about":[{"href":"https:\/\/www.visionweb.com.ar\/index.php?rest_route=\/wp\/v2\/types\/post"}],"author":[{"embeddable":true,"href":"https:\/\/www.visionweb.com.ar\/index.php?rest_route=\/wp\/v2\/users\/4"}],"replies":[{"embeddable":true,"href":"https:\/\/www.visionweb.com.ar\/index.php?rest_route=%2Fwp%2Fv2%2Fcomments&post=5988"}],"version-history":[{"count":2,"href":"https:\/\/www.visionweb.com.ar\/index.php?rest_route=\/wp\/v2\/posts\/5988\/revisions"}],"predecessor-version":[{"id":5991,"href":"https:\/\/www.visionweb.com.ar\/index.php?rest_route=\/wp\/v2\/posts\/5988\/revisions\/5991"}],"wp:featuredmedia":[{"embeddable":true,"href":"https:\/\/www.visionweb.com.ar\/index.php?rest_route=\/wp\/v2\/media\/5990"}],"wp:attachment":[{"href":"https:\/\/www.visionweb.com.ar\/index.php?rest_route=%2Fwp%2Fv2%2Fmedia&parent=5988"}],"wp:term":[{"taxonomy":"category","embeddable":true,"href":"https:\/\/www.visionweb.com.ar\/index.php?rest_route=%2Fwp%2Fv2%2Fcategories&post=5988"},{"taxonomy":"post_tag","embeddable":true,"href":"https:\/\/www.visionweb.com.ar\/index.php?rest_route=%2Fwp%2Fv2%2Ftags&post=5988"}],"curies":[{"name":"wp","href":"https:\/\/api.w.org\/{rel}","templated":true}]}}