{"id":5979,"date":"2022-06-09T12:33:26","date_gmt":"2022-06-09T15:33:26","guid":{"rendered":"https:\/\/www.visionweb.com.ar\/?p=5979"},"modified":"2022-06-09T12:33:26","modified_gmt":"2022-06-09T15:33:26","slug":"nacion-financiara-la-creacion-de-un-sistema-de-telemedicina-bonaerense","status":"publish","type":"post","link":"https:\/\/www.visionweb.com.ar\/?p=5979","title":{"rendered":"Naci\u00f3n financiar\u00e1 la creaci\u00f3n de un Sistema de Telemedicina bonaerense"},"content":{"rendered":"<p><em><strong>Provincia consigui\u00f3 financiamiento por medio de un convenio con el Ministerio de Ciencia y Tecnolog\u00eda nacional y se podr\u00e1 en marcha el Sistema de Telemedicina bonaerense.<\/strong><\/em><em><strong>\u00a0<\/strong><\/em><!--more--><\/p>\n<p><strong><img loading=\"lazy\" decoding=\"async\" class=\"size-full wp-image-5981 aligncenter\" src=\"https:\/\/www.visionweb.com.ar\/wp-content\/uploads\/2022\/06\/provincia-telemedicina.bmp\" alt=\"\" width=\"522\" height=\"344\" \/>E<\/strong>l gobernador de la Provincia, Axel Kicillof firm\u00f3 acuerdos con Filmus que incluyen financiamiento para la puesta en marcha del Sistema de Telemedicina del Ministerio de Salud. La iniciativa es para brindar atenci\u00f3n virtual y la llevar\u00e1 a cabo la Fundaci\u00f3n Sadosky.<\/p>\n<p>Tambi\u00e9n incluye la creaci\u00f3n de un nuevo Laboratorio de An\u00e1lisis Industriales y Ambientales del Ministerio de Ambiente, que sumar\u00e1 equipamiento e infraestructura para fortalecer las tareas de diagn\u00f3stico y monitoreo.<\/p>\n<p>En el acto que se llev\u00f3 a cabo ayer, \u00a0se suscribieron los nuevos convenios de cooperaci\u00f3n destinados a fortalecer las capacidades de investigaci\u00f3n cient\u00edfica y desarrollo tecnol\u00f3gico de la Provincia, estuvieron presentes los ministros bonaerenses de Producci\u00f3n, Ciencia e Innovaci\u00f3n Tecnol\u00f3gica, Augusto Costa; y de Salud, Nicol\u00e1s Kreplak; la ministra de Ambiente, Daniela Vilar; y el subsecretario de Coordinaci\u00f3n Institucional de la cartera nacional, Pablo Nu\u00f1ez.<\/p>\n<p>En ese contexto, el Gobernador se\u00f1al\u00f3 que \u201clas universidades son instituciones aut\u00f3nomas en aspectos financieros y gubernamentales, pero no pueden tener autonom\u00eda respecto de las necesidades de nuestro pueblo\u201d. \u201cJunto al Gobierno Nacional, estamos invirtiendo 20 mil millones de pesos en programas que le van a cambiar la vida a la provincia de Buenos Aires\u201d, expres\u00f3.<\/p>\n<p>Por su parte, Filmus se\u00f1al\u00f3 que la ciencia y la tecnolog\u00eda nacionales \u201cson fundamentales para transformar los procesos productivos y mejorar las condiciones de vida de nuestra gente, pero no todos los modelos de pa\u00eds tienen la misma mirada\u201d. \u201cNosotros creemos en un modelo con un desarrollo propio de ciencia y tecnolog\u00eda con una inversi\u00f3n en investigaci\u00f3n orientada a transformar el modelo productivo en un modelo poderosamente industrial, que nos permita terminar con las crisis c\u00edclicas por dependencia del precio internacional de los productos primarios\u201d, a\u00f1adi\u00f3.<\/p>\n<p>Por su parte, Costa expres\u00f3: \u201cEstamos presentando una serie de proyectos y programas que se desarrollan desde la Naci\u00f3n y la Provincia para poner a la ciencia y la tecnolog\u00eda al servicio de las necesidades de los bonaerenses y nuestro sistema productivo\u201d, y agreg\u00f3: \u201cEncontramos un sector desfinanciado, sin programas relevantes ni v\u00ednculo con los actores del sistema, y lo transformamos en un espacio de pol\u00edticas productivas y de articulaci\u00f3n con los municipios para fortalecer la producci\u00f3n a nivel local\u201d.<\/p>\n<p>Respecto al convenio que suscribi\u00f3 el Ministerio de Salud, Kreplak indic\u00f3 que \u201ca partir de la pandemia, apuntalamos el seguimiento de la atenci\u00f3n y el cuidado de nuestro pueblo con herramientas tecnol\u00f3gicas de telemedicina\u201d, al tiempo que valor\u00f3 que \u201choy estamos dando un paso m\u00e1s para lograr que las distancias no sean una barrera que impida el acceso a la salud\u201d.<\/p>\n<p>A su turno, Vilar subray\u00f3 que \u201cel laboratorio de estudios ambientales es una herramienta que nos permite analizar la situaci\u00f3n del agua, la tierra y el aire de nuestra Provincia para poder diagnosticar y generar as\u00ed mejores pol\u00edticas p\u00fablicas\u201d. \u201cAhora va a sumar equipamiento tecnol\u00f3gico de \u00faltima generaci\u00f3n y se va a fortalecer para multiplicar por cinco su capacidad de ejecuci\u00f3n y an\u00e1lisis\u201d, se\u00f1al\u00f3.<\/p>\n<p><a href=\"https:\/\/www.visionweb.com.ar\/wp-content\/uploads\/2022\/06\/kicilof-filmus-telemedicina.bmp\"><img loading=\"lazy\" decoding=\"async\" class=\"size-full wp-image-5982 aligncenter\" src=\"https:\/\/www.visionweb.com.ar\/wp-content\/uploads\/2022\/06\/kicilof-filmus-telemedicina.bmp\" alt=\"\" width=\"600\" height=\"343\" \/><\/a>Asimismo, se firmaron las cartas de intenci\u00f3n para la construcci\u00f3n de nuevos \u00e1mbitos de investigaci\u00f3n en distintos municipios: el Centro de Rob\u00f3tica, Automatizaci\u00f3n y Sensores de Baradero; Quilmes Tec \u2013incubadora de empresas y espacio de divulgaci\u00f3n en los predios de UNQ e IMPA-; los polos tecnol\u00f3gicos de Berazategui, Tres Arroyos y General Madariaga; y el Laboratorio Biociencias de la Universidad Nacional de Jos\u00e9 C. Paz.<\/p>\n<p>Participaron la ministra de Gobierno, Cristina \u00c1lvarez Rodr\u00edguez; la intendenta de Quilmes, Mayra Mendoza; los jefes comunales de Baradero, Esteban Sanzio; de Berazategui, Juan Jos\u00e9 Mussi; de General Madariaga, Esteban Santoro; de Mercedes, Juan Ignacio Ustarroz; y de Tres Arroyos, Carlos S\u00e1nchez; el presidente del directorio de Y-TEC, Roberto Salvarezza; el administrador general de la Direcci\u00f3n de Vialidad de la Provincia, Hern\u00e1n Y Zurieta; la subsecretaria de Industria, Pymes y Cooperativas, Mariela Bembi; los directores provinciales de Desarrollo Territorial y Pymes, Ariel Aguilar, y de Vinculaci\u00f3n y Transferencia en el CIC, Juan Brardinelli; y autoridades de universidades y centros de estudio. <strong>(VW)\u00a0\u00a0\u00a0 <\/strong><\/p>\n","protected":false},"excerpt":{"rendered":"<p>Provincia consigui\u00f3 financiamiento por medio de un convenio con el Ministerio de Ciencia y Tecnolog\u00eda nacional y se podr\u00e1 en marcha el Sistema de Telemedicina bonaerense.\u00a0<\/p>\n","protected":false},"author":4,"featured_media":5982,"comment_status":"closed","ping_status":"closed","sticky":false,"template":"","format":"standard","meta":{"_monsterinsights_skip_tracking":false,"_monsterinsights_sitenote_active":false,"_monsterinsights_sitenote_note":"","_monsterinsights_sitenote_category":0,"footnotes":""},"categories":[8,4],"tags":[254,167,1981,356,2438],"class_list":["post-5979","post","type-post","status-publish","format-standard","has-post-thumbnail","hentry","category-interes-general","category-politica","tag-convenio","tag-kicillof","tag-memoria-filmus","tag-provincia","tag-telemedicina"],"_links":{"self":[{"href":"https:\/\/www.visionweb.com.ar\/index.php?rest_route=\/wp\/v2\/posts\/5979","targetHints":{"allow":["GET"]}}],"collection":[{"href":"https:\/\/www.visionweb.com.ar\/index.php?rest_route=\/wp\/v2\/posts"}],"about":[{"href":"https:\/\/www.visionweb.com.ar\/index.php?rest_route=\/wp\/v2\/types\/post"}],"author":[{"embeddable":true,"href":"https:\/\/www.visionweb.com.ar\/index.php?rest_route=\/wp\/v2\/users\/4"}],"replies":[{"embeddable":true,"href":"https:\/\/www.visionweb.com.ar\/index.php?rest_route=%2Fwp%2Fv2%2Fcomments&post=5979"}],"version-history":[{"count":2,"href":"https:\/\/www.visionweb.com.ar\/index.php?rest_route=\/wp\/v2\/posts\/5979\/revisions"}],"predecessor-version":[{"id":5983,"href":"https:\/\/www.visionweb.com.ar\/index.php?rest_route=\/wp\/v2\/posts\/5979\/revisions\/5983"}],"wp:featuredmedia":[{"embeddable":true,"href":"https:\/\/www.visionweb.com.ar\/index.php?rest_route=\/wp\/v2\/media\/5982"}],"wp:attachment":[{"href":"https:\/\/www.visionweb.com.ar\/index.php?rest_route=%2Fwp%2Fv2%2Fmedia&parent=5979"}],"wp:term":[{"taxonomy":"category","embeddable":true,"href":"https:\/\/www.visionweb.com.ar\/index.php?rest_route=%2Fwp%2Fv2%2Fcategories&post=5979"},{"taxonomy":"post_tag","embeddable":true,"href":"https:\/\/www.visionweb.com.ar\/index.php?rest_route=%2Fwp%2Fv2%2Ftags&post=5979"}],"curies":[{"name":"wp","href":"https:\/\/api.w.org\/{rel}","templated":true}]}}