{"id":5966,"date":"2022-06-08T11:53:07","date_gmt":"2022-06-08T14:53:07","guid":{"rendered":"https:\/\/www.visionweb.com.ar\/?p=5966"},"modified":"2022-06-08T11:53:07","modified_gmt":"2022-06-08T14:53:07","slug":"provincia-habra-audiencia-publica-para-tratar-el-aumento-de-peajes","status":"publish","type":"post","link":"https:\/\/www.visionweb.com.ar\/?p=5966","title":{"rendered":"Provincia: Habr\u00e1 audiencia p\u00fablica para tratar el aumento de peajes"},"content":{"rendered":"<p><em><strong>Se puso en marcha el proceso legal para llevar a cabo la actualizaci\u00f3n tarifaria de peajes en Autopista Buenos Aires &#8211; La Plata. Ser\u00e1 el 8 de julio.<\/strong><\/em><!--more--><\/p>\n<p><strong><img loading=\"lazy\" decoding=\"async\" class=\"size-full wp-image-5968 aligncenter\" src=\"https:\/\/www.visionweb.com.ar\/wp-content\/uploads\/2022\/06\/autopista.bmp\" alt=\"\" width=\"545\" height=\"368\" \/>E<\/strong>l Gobierno de la Provincia\u00a0convoc\u00f3 a AUBASA\u00a0a una audiencia p\u00fablica para tratar el aumento de casi el 39% de las tarifas de los\u00a0peajes\u00a0de la Autopista Buenos Aires-La Plata. De ser aprobado ser\u00eda el primer aumento tarifario en tres a\u00f1os.<\/p>\n<p>Por medio de la Resoluci\u00f3n N\u00ba 819, se orden\u00f3 convocar a los usuarios de la \u201cAutopista Buenos Aires &#8211; La Plata\u201d,\u00a0 a\u00a0la Audiencia P\u00fablica a celebrarse el 8 de julio a las 11\u00a0en el sal\u00f3n Auditorio del\u00a0Ministerio de Infraestructura y Servicios P\u00fablicos, sito en Calle 7 entre 58 y 59 de la capital bonaerense. El objetivo es\u00a0\u00abinformar de manera adecuada y veraz, y someter a la participaci\u00f3n ciudadana, las propuestas de variaciones de precios producidas\u00bb. A la vez, participar\u00e1 la\u00a0Defensor\u00eda del Pueblo\u00a0de la provincia de Buenos Aires.<\/p>\n<p>AUBASA\u00a0sugiri\u00f3 incrementar alrededor de un 39% el valor. Y tambi\u00e9n solicit\u00f3 incremento para la AU2, camino que conecta con Mar del Plata y las\u00a0rutas 63, 74, 56 y 11.<\/p>\n<p>En ese sentido, fue convocada para que \u00abexponga los fundamentos t\u00e9cnicos, econ\u00f3micos, financieros y jur\u00eddicos de la propuesta de adecuaci\u00f3n de tarifas por incidencia de los \u00edndices de variaciones de precios\u00a0sobre su modelo econ\u00f3mico\u00bb.<\/p>\n<p>Las tarifas con el aumento citado quedar\u00edan en:<\/p>\n<p>Actualmente los peajes de Dock Sud, Hudson, Guti\u00e9rrez mano a provincia para motociclistas cuestan $17 y $21 en hora pico. Con el ajuste se ir\u00edan en el primer caso a $30, y $40 en el segundo.<\/p>\n<p>Autos: de $33 en horario normal y $42 en hora pico pasar\u00e1n a costar $50 y $60 respectivamente.<\/p>\n<p>Transportes de 2 Ejes (altura mayor a 2,10m): de $103 en horario normal y $130 en hora pico se ir\u00e1n a $150 y $180.<\/p>\n<p>Transportes de 3 y 4 ejes (Altura menor a 2,10m): de $103 en horario normal y $130 en hora pico pasar\u00e1n a $150 y $180.<\/p>\n<p>Transporte 3 y 4 ejes (altura mayor a 2,10m): de $138 en horario normal y $173 en hora pico, subir\u00e1n a $200 y $240.<\/p>\n<p>Transportes de 5 y 6 Ejes: de $173 en horario normal y $215 en hora pico, pasar\u00e1n a $240 y $300.<\/p>\n<p>Transportes de m\u00e1s de 6 Ejes: de $208 en horario normal y $259 en hora pico, pasar\u00e1n a $300 y $360, respectivamente. <strong>(VW)<\/strong><\/p>\n<p>&nbsp;<\/p>\n","protected":false},"excerpt":{"rendered":"<p>Se puso en marcha el proceso legal para llevar a cabo la actualizaci\u00f3n tarifaria de peajes en Autopista Buenos Aires &#8211; La Plata. Ser\u00e1 el 8 de julio.<\/p>\n","protected":false},"author":4,"featured_media":5968,"comment_status":"closed","ping_status":"closed","sticky":false,"template":"","format":"standard","meta":{"_monsterinsights_skip_tracking":false,"_monsterinsights_sitenote_active":false,"_monsterinsights_sitenote_note":"","_monsterinsights_sitenote_category":0,"footnotes":""},"categories":[6],"tags":[2434,2433,2432,2431,356],"class_list":["post-5966","post","type-post","status-publish","format-standard","has-post-thumbnail","hentry","category-economia","tag-aubasa","tag-audiencia-publica","tag-autopistas","tag-peajes","tag-provincia"],"_links":{"self":[{"href":"https:\/\/www.visionweb.com.ar\/index.php?rest_route=\/wp\/v2\/posts\/5966","targetHints":{"allow":["GET"]}}],"collection":[{"href":"https:\/\/www.visionweb.com.ar\/index.php?rest_route=\/wp\/v2\/posts"}],"about":[{"href":"https:\/\/www.visionweb.com.ar\/index.php?rest_route=\/wp\/v2\/types\/post"}],"author":[{"embeddable":true,"href":"https:\/\/www.visionweb.com.ar\/index.php?rest_route=\/wp\/v2\/users\/4"}],"replies":[{"embeddable":true,"href":"https:\/\/www.visionweb.com.ar\/index.php?rest_route=%2Fwp%2Fv2%2Fcomments&post=5966"}],"version-history":[{"count":2,"href":"https:\/\/www.visionweb.com.ar\/index.php?rest_route=\/wp\/v2\/posts\/5966\/revisions"}],"predecessor-version":[{"id":5969,"href":"https:\/\/www.visionweb.com.ar\/index.php?rest_route=\/wp\/v2\/posts\/5966\/revisions\/5969"}],"wp:featuredmedia":[{"embeddable":true,"href":"https:\/\/www.visionweb.com.ar\/index.php?rest_route=\/wp\/v2\/media\/5968"}],"wp:attachment":[{"href":"https:\/\/www.visionweb.com.ar\/index.php?rest_route=%2Fwp%2Fv2%2Fmedia&parent=5966"}],"wp:term":[{"taxonomy":"category","embeddable":true,"href":"https:\/\/www.visionweb.com.ar\/index.php?rest_route=%2Fwp%2Fv2%2Fcategories&post=5966"},{"taxonomy":"post_tag","embeddable":true,"href":"https:\/\/www.visionweb.com.ar\/index.php?rest_route=%2Fwp%2Fv2%2Ftags&post=5966"}],"curies":[{"name":"wp","href":"https:\/\/api.w.org\/{rel}","templated":true}]}}