{"id":5962,"date":"2022-06-08T11:02:50","date_gmt":"2022-06-08T14:02:50","guid":{"rendered":"https:\/\/www.visionweb.com.ar\/?p=5962"},"modified":"2022-06-08T11:02:50","modified_gmt":"2022-06-08T14:02:50","slug":"diputados-avanza-el-proyecto-de-alivio-para-monotributistas-y-autonomos","status":"publish","type":"post","link":"https:\/\/www.visionweb.com.ar\/?p=5962","title":{"rendered":"Diputados: Avanza el proyecto de alivio para monotributistas y aut\u00f3nomos"},"content":{"rendered":"<p><em><strong>El proyecto, que busca una actualizaci\u00f3n de los topes m\u00e1ximos de facturaci\u00f3n para monotributistas \u00a0y aut\u00f3nomos obtuvo dictamen de comisiones en la C\u00e1mara de Diputados.<\/strong><\/em><!--more--><\/p>\n<p><strong><img loading=\"lazy\" decoding=\"async\" class=\"size-full wp-image-5964 aligncenter\" src=\"https:\/\/www.visionweb.com.ar\/wp-content\/uploads\/2022\/06\/Diputados.bmp\" alt=\"\" width=\"530\" height=\"454\" \/>L<\/strong>a Comisi\u00f3n de Presupuesto y Hacienda emiti\u00f3 dictamen de mayor\u00eda en el d\u00eda de ayer al proyecto de ley de\u00a0alivio fiscal para monotributistas\u00a0\u00a0y aut\u00f3nomos, y ser\u00e1 debatido la semana pr\u00f3xima por el pleno del cuerpo legislativo.<\/p>\n<p>El proyecto plantea alivio fiscal para 4,5 millones de monotributistas y m\u00e1s de 140 mil trabajadores aut\u00f3nomos, y cuenta con el apoyo de legisladores opositores y oficialistas, incluye las firmas de\u00a0Leandro Santoro\u00a0y\u00a0M\u00f3nica Litza\u00a0(FDT),\u00a0Margarita Stolbizer\u00a0(JxC), y\u00a0Alejandro Topo Rodr\u00edguez<em>\u00a0<\/em>(Identidad Bonaerense).<\/p>\n<p>En tanto, Juntos por el Cambio firm\u00f3 un dictamen de minor\u00eda por estar en desacuerdo en que se mantenga la brecha en lo que refiere al m\u00ednimo no imponible de Ganancias entre monotributistas y aut\u00f3nomos.<\/p>\n<p>Se necesita la aprobaci\u00f3n en ambas c\u00e1maras antes del 1 de julio, que es la fecha a la cual se propone el adelantamiento de los ajustes de los topes de facturaci\u00f3n para cada una de las categor\u00edas de monotributo, situaci\u00f3n que estaba prevista para fin de a\u00f1o.<\/p>\n<p>Seg\u00fan se precis\u00f3, la iniciativa no incluir\u00e1 aumento en las cuotas mensuales a pagar, sino que s\u00f3lo se busca una actualizaci\u00f3n de los topes m\u00e1ximos de facturaci\u00f3n para que los monotributistas no tengan que saltar hacia una escala mayor, o quedar afuera del R\u00e9gimen Simplificado, si su facturaci\u00f3n creci\u00f3 en t\u00e9rminos nominales por efecto de la alta inflaci\u00f3n.<\/p>\n<p>Respecto a los aut\u00f3nomos que est\u00e1n alcanzados por el impuesto a las Ganancias, la soluci\u00f3n que eval\u00faa el proyecto se centra en \u00abincrementar las deducciones a fin de que el m\u00ednimo no imponible quede m\u00e1s equitativo o cercano al que aplican los empleados en relaci\u00f3n de dependencia\u00bb, explicaron desde el entorno de Massa.<\/p>\n<p>De esta manera, la deducci\u00f3n especial para los aut\u00f3nomos representar\u00eda dos veces la ganancia no imponible, pasando la deducci\u00f3n de $505.129,66 a $757.694,52.<\/p>\n<p>As\u00ed, la \u00abbrecha\u00bb de la deducci\u00f3n especial entre el empleado y el aut\u00f3nomo se achicar\u00eda de $707.181,58 a $454.616,72, mientras que para los nuevos profesionales se eleva de 1,5 a 2,5 veces la ganancia no imponible. <strong>(VW)<\/strong><\/p>\n<p>&nbsp;<\/p>\n<p>&nbsp;<\/p>\n","protected":false},"excerpt":{"rendered":"<p>El proyecto, que busca una actualizaci\u00f3n de los topes m\u00e1ximos de facturaci\u00f3n para monotributistas \u00a0y aut\u00f3nomos obtuvo dictamen de comisiones en la C\u00e1mara de Diputados.<\/p>\n","protected":false},"author":4,"featured_media":5964,"comment_status":"closed","ping_status":"closed","sticky":false,"template":"","format":"standard","meta":{"_monsterinsights_skip_tracking":false,"_monsterinsights_sitenote_active":false,"_monsterinsights_sitenote_note":"","_monsterinsights_sitenote_category":0,"footnotes":""},"categories":[6,4],"tags":[2430,846,143,845],"class_list":["post-5962","post","type-post","status-publish","format-standard","has-post-thumbnail","hentry","category-economia","category-politica","tag-alivio-fuscal","tag-autonomos","tag-diputados","tag-monotributistas"],"_links":{"self":[{"href":"https:\/\/www.visionweb.com.ar\/index.php?rest_route=\/wp\/v2\/posts\/5962","targetHints":{"allow":["GET"]}}],"collection":[{"href":"https:\/\/www.visionweb.com.ar\/index.php?rest_route=\/wp\/v2\/posts"}],"about":[{"href":"https:\/\/www.visionweb.com.ar\/index.php?rest_route=\/wp\/v2\/types\/post"}],"author":[{"embeddable":true,"href":"https:\/\/www.visionweb.com.ar\/index.php?rest_route=\/wp\/v2\/users\/4"}],"replies":[{"embeddable":true,"href":"https:\/\/www.visionweb.com.ar\/index.php?rest_route=%2Fwp%2Fv2%2Fcomments&post=5962"}],"version-history":[{"count":2,"href":"https:\/\/www.visionweb.com.ar\/index.php?rest_route=\/wp\/v2\/posts\/5962\/revisions"}],"predecessor-version":[{"id":5965,"href":"https:\/\/www.visionweb.com.ar\/index.php?rest_route=\/wp\/v2\/posts\/5962\/revisions\/5965"}],"wp:featuredmedia":[{"embeddable":true,"href":"https:\/\/www.visionweb.com.ar\/index.php?rest_route=\/wp\/v2\/media\/5964"}],"wp:attachment":[{"href":"https:\/\/www.visionweb.com.ar\/index.php?rest_route=%2Fwp%2Fv2%2Fmedia&parent=5962"}],"wp:term":[{"taxonomy":"category","embeddable":true,"href":"https:\/\/www.visionweb.com.ar\/index.php?rest_route=%2Fwp%2Fv2%2Fcategories&post=5962"},{"taxonomy":"post_tag","embeddable":true,"href":"https:\/\/www.visionweb.com.ar\/index.php?rest_route=%2Fwp%2Fv2%2Ftags&post=5962"}],"curies":[{"name":"wp","href":"https:\/\/api.w.org\/{rel}","templated":true}]}}