{"id":5960,"date":"2022-06-08T07:40:26","date_gmt":"2022-06-08T10:40:26","guid":{"rendered":"https:\/\/www.visionweb.com.ar\/?p=5960"},"modified":"2022-06-08T07:40:26","modified_gmt":"2022-06-08T10:40:26","slug":"kreplak-si-no-aparece-nada-raro-la-pandemia-no-va-a-volver-a-ponernos-en-condiciones-extraordinarias","status":"publish","type":"post","link":"https:\/\/www.visionweb.com.ar\/?p=5960","title":{"rendered":"Kreplak: \u201cSi no aparece nada raro, la pandemia no va a volver a ponernos en condiciones extraordinarias"},"content":{"rendered":"<p><strong><em>Las vacunas son libres para todos los mayores de 18 a\u00f1os, hasta la cuarta dosis, y federales, por lo que cualquier persona puede vacunarse en territorio bonaerense.<\/em><\/strong><!--more--><\/p>\n<p><strong><img loading=\"lazy\" decoding=\"async\" class=\"size-medium wp-image-2345 alignleft\" src=\"https:\/\/www.visionweb.com.ar\/wp-content\/uploads\/2021\/08\/Nicolas-Kreplak-minstro-de-Salud-bonaeresne-300x169.png\" alt=\"\" width=\"300\" height=\"169\" srcset=\"https:\/\/www.visionweb.com.ar\/wp-content\/uploads\/2021\/08\/Nicolas-Kreplak-minstro-de-Salud-bonaeresne-300x169.png 300w, https:\/\/www.visionweb.com.ar\/wp-content\/uploads\/2021\/08\/Nicolas-Kreplak-minstro-de-Salud-bonaeresne.png 640w\" sizes=\"auto, (max-width: 300px) 100vw, 300px\" \/>E<\/strong>l ministro de Salud de la provincia de Buenos Aires, Nicol\u00e1s Kreplak, analiz\u00f3 el escenario actual de la pandemia y subray\u00f3 que gracias al avance del plan de vacunaci\u00f3n, el virus SARS-CoV-2 ya no significa una amenaza como en 2020.<\/p>\n<p>En ese sentido, recomend\u00f3 a las personas que completen sus esquemas de dosis de vacunas y refuerzos y expres\u00f3 que \u201csi no aparece nada raro, el comportamiento del virus no va a ponernos en condiciones extraordinarias\u201d.<\/p>\n<p>Sobre la necesidad de hisopar a todas las personas que tengan s\u00edntomas para llevar un control del comportamiento del coronavirus, el ministro expres\u00f3 que \u201cel objetivo de la pandemia cambi\u00f3\u201d y ahora \u201cse busca tener a la mayor cantidad de la poblaci\u00f3n vacunada\u201d.<\/p>\n<p>Al respecto, recomend\u00f3 que cualquier persona que tenga dolor de garganta, fiebre, tos o p\u00e9rdida de gusto y olfato \u201cse a\u00edsle hasta cinco d\u00edas o lo que duren los s\u00edntomas\u201d.<\/p>\n<p>En di\u00e1logo con el programa Rayos X, por Radio 10, Kreplak remarc\u00f3 que \u201cse est\u00e1 vacunando bien, a un n\u00famero muy elevado\u201d, y confirm\u00f3 que \u201clos vacunatorios est\u00e1n abiertos de lunes a viernes, y los fines de semana se les da prioridad a las postas itinerantes\u201d.<\/p>\n<p>Record\u00f3 adem\u00e1s que las vacunas son libres para todos los mayores de 18 a\u00f1os, hasta la cuarta dosis, y federales, por lo que cualquier persona puede vacunarse en territorio bonaerense.<\/p>\n<p>Consultado acerca de si hay que respetar un per\u00edodo de tiempo para aplicarse el refuerzo luego de tener Covid-19, el ministro dijo que \u201cahora se recomienda dejar pasar 14 d\u00edas para darse el refuerzo o dos semanas, no como antes que se recomendaba m\u00e1s tiempo\u201d<strong>(VW)<\/strong>.<\/p>\n","protected":false},"excerpt":{"rendered":"<p>Las vacunas son libres para todos los mayores de 18 a\u00f1os, hasta la cuarta dosis, y federales, por lo que cualquier persona puede vacunarse en territorio bonaerense.<\/p>\n","protected":false},"author":3,"featured_media":2345,"comment_status":"closed","ping_status":"closed","sticky":false,"template":"","format":"standard","meta":{"_monsterinsights_skip_tracking":false,"_monsterinsights_sitenote_active":false,"_monsterinsights_sitenote_note":"","_monsterinsights_sitenote_category":0,"footnotes":""},"categories":[5],"tags":[367,359,168,178],"class_list":["post-5960","post","type-post","status-publish","format-standard","has-post-thumbnail","hentry","category-sociedad","tag-covid","tag-kreplak","tag-pandemia","tag-vacunas"],"_links":{"self":[{"href":"https:\/\/www.visionweb.com.ar\/index.php?rest_route=\/wp\/v2\/posts\/5960","targetHints":{"allow":["GET"]}}],"collection":[{"href":"https:\/\/www.visionweb.com.ar\/index.php?rest_route=\/wp\/v2\/posts"}],"about":[{"href":"https:\/\/www.visionweb.com.ar\/index.php?rest_route=\/wp\/v2\/types\/post"}],"author":[{"embeddable":true,"href":"https:\/\/www.visionweb.com.ar\/index.php?rest_route=\/wp\/v2\/users\/3"}],"replies":[{"embeddable":true,"href":"https:\/\/www.visionweb.com.ar\/index.php?rest_route=%2Fwp%2Fv2%2Fcomments&post=5960"}],"version-history":[{"count":1,"href":"https:\/\/www.visionweb.com.ar\/index.php?rest_route=\/wp\/v2\/posts\/5960\/revisions"}],"predecessor-version":[{"id":5961,"href":"https:\/\/www.visionweb.com.ar\/index.php?rest_route=\/wp\/v2\/posts\/5960\/revisions\/5961"}],"wp:featuredmedia":[{"embeddable":true,"href":"https:\/\/www.visionweb.com.ar\/index.php?rest_route=\/wp\/v2\/media\/2345"}],"wp:attachment":[{"href":"https:\/\/www.visionweb.com.ar\/index.php?rest_route=%2Fwp%2Fv2%2Fmedia&parent=5960"}],"wp:term":[{"taxonomy":"category","embeddable":true,"href":"https:\/\/www.visionweb.com.ar\/index.php?rest_route=%2Fwp%2Fv2%2Fcategories&post=5960"},{"taxonomy":"post_tag","embeddable":true,"href":"https:\/\/www.visionweb.com.ar\/index.php?rest_route=%2Fwp%2Fv2%2Ftags&post=5960"}],"curies":[{"name":"wp","href":"https:\/\/api.w.org\/{rel}","templated":true}]}}