{"id":5957,"date":"2022-06-08T09:06:37","date_gmt":"2022-06-08T12:06:37","guid":{"rendered":"https:\/\/www.visionweb.com.ar\/?p=5957"},"modified":"2022-06-08T00:21:29","modified_gmt":"2022-06-08T03:21:29","slug":"silioni-asegura-que-desde-la-provincia-se-trabaja-para-resolver-los-problemas-de-350-escuelas","status":"publish","type":"post","link":"https:\/\/www.visionweb.com.ar\/?p=5957","title":{"rendered":"Silioni asegura que desde la provincia se trabaja para resolver los problemas de 350 escuelas"},"content":{"rendered":"<p><strong><em>Las apreciaciones del director General de Educaci\u00f3n y cultura bonaerense se conocieron luego de la reuni\u00f3n que sostuvo con los gremios docentes en La Plata.<\/em><\/strong><!--more--><\/p>\n<div id=\"attachment_5958\" style=\"width: 310px\" class=\"wp-caption alignright\"><img loading=\"lazy\" decoding=\"async\" aria-describedby=\"caption-attachment-5958\" class=\"wp-image-5958 size-medium\" src=\"https:\/\/www.visionweb.com.ar\/wp-content\/uploads\/2022\/06\/GREMIOS-CON-SILIONI-300x199.png\" alt=\"\" width=\"300\" height=\"199\" srcset=\"https:\/\/www.visionweb.com.ar\/wp-content\/uploads\/2022\/06\/GREMIOS-CON-SILIONI-300x199.png 300w, https:\/\/www.visionweb.com.ar\/wp-content\/uploads\/2022\/06\/GREMIOS-CON-SILIONI-768x510.png 768w, https:\/\/www.visionweb.com.ar\/wp-content\/uploads\/2022\/06\/GREMIOS-CON-SILIONI.png 800w\" sizes=\"auto, (max-width: 300px) 100vw, 300px\" \/><p id=\"caption-attachment-5958\" class=\"wp-caption-text\"><em><strong>Los gremios docentes se reunieron este lunes con el Director General Silioni, para atender los problemas de calefacci\u00f3n para las escuelas (Foto: Twitter)<\/strong><\/em><\/p><\/div>\n<p><strong>\u00a0 \u00a0 \u00a0 \u00a0 E<\/strong>l director General de Cultura y Educaci\u00f3n bonaerense, Alberto Sileoni, se reuni\u00f3 este lunes con los gremios docentes, con quienes analiz\u00f3 las inversiones y planes de obras en marcha para solucionar los problemas de calefacci\u00f3n en colegios, y en ese marco asegur\u00f3 que siguen \u00abtrabajando muy fuerte para resolver\u00bb esa cuesti\u00f3n que afecta \u00aba 350 edificios\u00bb.<\/p>\n<p>\u00abFue una reuni\u00f3n respetuosa, en la que informamos a los gremios que integran el Frente de Unidad de Docentes Bonaerenses sobre un tema que es hoy un tema acuciante, y que tiene que ver con la falta de calefacci\u00f3n en escuelas bonaerenses\u00bb, dijo Sileoni.<\/p>\n<p>Explic\u00f3 que en el encuentro mantenido este lunes \u00abexpusimos que tenemos alrededor de 11 mil edificios p\u00fablicos de educaci\u00f3n inicial, primaria, secundaria y especial y que un censo de infraestructura de 2020-2021 determin\u00f3 que hab\u00eda 1.967 escuelas con problemas de gas, 1.200 de ellas no ten\u00edan suministro total o parcialmente\u00bb.<\/p>\n<p>\u00abDespu\u00e9s de una inversi\u00f3n muy importante, que hicimos a trav\u00e9s de los consejos escolares y m\u00e1s de 1.500 obras de gran envergadura, hoy tenemos un remanente de 350 edificios que tienen problemas de suministros, muchos tienen la obra finalizada y est\u00e1n esperando la inspecci\u00f3n de habilitaci\u00f3n\u00bb, precis\u00f3 el titular de la cartera educativa, en declaraciones. publicadas por T\u00e9lam<\/p>\n<h3 style=\"text-align: center;\"><span style=\"color: #0000ff;\"><em><strong>Los Consejos Escolares recibieron partidas de 375 millones de pesos<\/strong><\/em><\/span><\/h3>\n<p>Remarc\u00f3 que \u00abhemos reducido el problema pero <strong>reconocemos que para el que no tiene gas no le sirve mucho la comparaci\u00f3n<\/strong> (entre los edificios con problemas con los que se encontr\u00f3 esta gesti\u00f3n y lo hecho por el Gobierno de Axel Kicillof), porque en este momento hay un derecho que no es cumplido\u00bb.<\/p>\n<p>Expusimos estas cuestiones, nos hicieron algunas observaciones interesantes respecto a medidas con los consejos escolares y cuestiones de gesti\u00f3n que hemos tomado\u00bb, expres\u00f3.<\/p>\n<p>Sileoni asegur\u00f3 que \u00abseguimos trabajado muy fuerte para resolver los problemas o al menos reducirlo a su m\u00ednima expresi\u00f3n\u00bb.<\/p>\n<p>Tras la suspensi\u00f3n de clases en algunas escuelas y la reducci\u00f3n de horas de clases en otras, el Frente de Unidad sindical -que componen los gremios FEB, Suteba, Sadop, AMET y Udocba- pidi\u00f3 el encuentro con el ministro para \u00abdar tratamiento espec\u00edfico a las condiciones prioritarias para el desarrollo de clases en el per\u00edodo de bajas temperaturas en las Escuelas bonaerenses\u00bb.<\/p>\n<p>Un comunicado del Frente de Unidad Docente Bonaerense dado a conocer tras la reuni\u00f3n reconoci\u00f3 que el crecimiento de la inversi\u00f3n por parte del Gobierno bonaerense en obra de infraestructura es \u00abin\u00e9dito\u00bb, a pesar lo cual reclam\u00f3 \u00abpor los problemas pendientes de resoluci\u00f3n que afectan el normal funcionamiento de m\u00e1s de 400 escuelas, seg\u00fan el relevamiento propio\u00bb.<\/p>\n<p>Adem\u00e1s, los gremios docentes pidieron \u00abun mayor seguimiento por parte de la Direcci\u00f3n General de Cultura y Educaci\u00f3n (DGCyE) sobre las responsabilidades de los Consejos Escolares y de los Municipios que reciben el Fondo de Financiamiento Educativo y deben invertir en infraestructura\u00bb.<\/p>\n<p>\u00abLas autoridades educativas informaron que el presupuesto para infraestructura est\u00e1 superando durante 2022 los $15.000 millones, que se destinaron para mejorar las instalaciones de gas $2.100 millones, se enviaron partidas de $375 millones a los Consejos Escolares para reparaciones y compra de artefactos, y se realizaron 1.552 intervenciones en edificios escolares\u00bb, detall\u00f3 el comunicado gremial.<\/p>\n<p>Seg\u00fan los gremios, la DGCyE reconoci\u00f3 que \u00abquedan 350 edificios con problem\u00e1ticas de calefacci\u00f3n, en las que se est\u00e1 trabajando para resolverlas\u00bb y la cartera provincial record\u00f3 que \u00abal comenzar la gesti\u00f3n hab\u00eda 1967 edificios de los niveles obligatorios con problemas serios en las instalaciones de gas\u00bb.<\/p>\n<p>Ante la informaci\u00f3n de la Direcci\u00f3n General de Cultura y Educaci\u00f3n bonaerense, el Frente \u00abinsisti\u00f3 sobre la necesidad de la pronta resoluci\u00f3n de las problem\u00e1ticas para que todas las escuelas de la provincia tengan garantizadas las condiciones de funcionamiento seg\u00fan la normativa vigente.\u00bb.<\/p>\n<p>Por otra parte, el Frente de Unidad Docente Bonaerense retom\u00f3 planteos vinculados a las reiteradas situaciones de conflicto y violencias que se expresan en las escuelas, reclamando la sistem\u00e1tica convocatoria al \u00e1mbito interministerial para el an\u00e1lisis y abordaje de este tipo de manifestaciones del conflicto social.<\/p>\n<p>Adem\u00e1s, los gremios instaron a la conformaci\u00f3n de Mesas Intersectoriales Distritales, para intervenir integralmente desde el territorio ante este tipo de situaciones complejas<strong>(VW)<\/strong><\/p>\n","protected":false},"excerpt":{"rendered":"<p>Las apreciaciones del director General de Educaci\u00f3n y cultura bonaerense se conocieron luego de la reuni\u00f3n que sostuvo con los gremios docentes en La Plata.<\/p>\n","protected":false},"author":3,"featured_media":5958,"comment_status":"closed","ping_status":"closed","sticky":false,"template":"","format":"standard","meta":{"_monsterinsights_skip_tracking":false,"_monsterinsights_sitenote_active":false,"_monsterinsights_sitenote_note":"","_monsterinsights_sitenote_category":0,"footnotes":""},"categories":[7],"tags":[2429,970],"class_list":["post-5957","post","type-post","status-publish","format-standard","has-post-thumbnail","hentry","category-educacion-y-cultura","tag-gremios-docentes-silioni","tag-infraestructura"],"_links":{"self":[{"href":"https:\/\/www.visionweb.com.ar\/index.php?rest_route=\/wp\/v2\/posts\/5957","targetHints":{"allow":["GET"]}}],"collection":[{"href":"https:\/\/www.visionweb.com.ar\/index.php?rest_route=\/wp\/v2\/posts"}],"about":[{"href":"https:\/\/www.visionweb.com.ar\/index.php?rest_route=\/wp\/v2\/types\/post"}],"author":[{"embeddable":true,"href":"https:\/\/www.visionweb.com.ar\/index.php?rest_route=\/wp\/v2\/users\/3"}],"replies":[{"embeddable":true,"href":"https:\/\/www.visionweb.com.ar\/index.php?rest_route=%2Fwp%2Fv2%2Fcomments&post=5957"}],"version-history":[{"count":1,"href":"https:\/\/www.visionweb.com.ar\/index.php?rest_route=\/wp\/v2\/posts\/5957\/revisions"}],"predecessor-version":[{"id":5959,"href":"https:\/\/www.visionweb.com.ar\/index.php?rest_route=\/wp\/v2\/posts\/5957\/revisions\/5959"}],"wp:featuredmedia":[{"embeddable":true,"href":"https:\/\/www.visionweb.com.ar\/index.php?rest_route=\/wp\/v2\/media\/5958"}],"wp:attachment":[{"href":"https:\/\/www.visionweb.com.ar\/index.php?rest_route=%2Fwp%2Fv2%2Fmedia&parent=5957"}],"wp:term":[{"taxonomy":"category","embeddable":true,"href":"https:\/\/www.visionweb.com.ar\/index.php?rest_route=%2Fwp%2Fv2%2Fcategories&post=5957"},{"taxonomy":"post_tag","embeddable":true,"href":"https:\/\/www.visionweb.com.ar\/index.php?rest_route=%2Fwp%2Fv2%2Ftags&post=5957"}],"curies":[{"name":"wp","href":"https:\/\/api.w.org\/{rel}","templated":true}]}}