{"id":5951,"date":"2022-06-07T08:46:06","date_gmt":"2022-06-07T11:46:06","guid":{"rendered":"https:\/\/www.visionweb.com.ar\/?p=5951"},"modified":"2022-06-07T08:46:06","modified_gmt":"2022-06-07T11:46:06","slug":"gremios-docentes-piden-al-gobierno-mas-controles-sobre-consejos-escolares-y-municipios-bonaerenses","status":"publish","type":"post","link":"https:\/\/www.visionweb.com.ar\/?p=5951","title":{"rendered":"Gremios docentes piden al gobierno m\u00e1s controles sobre Consejos Escolares y municipios bonaerenses"},"content":{"rendered":"<p><em><strong>El Director General de Cultura y Educaci\u00f3n bonaerense, Alberto Sileoni, se reuni\u00f3 hoy con los gremios docentes para analizar la problem\u00e1tica de la falta de gas en unos 350 colegios de la provincia de Buenos Aires.<\/strong><\/em><!--more--><\/p>\n<p><img loading=\"lazy\" decoding=\"async\" class=\"size-medium wp-image-3455 alignleft\" src=\"https:\/\/www.visionweb.com.ar\/wp-content\/uploads\/2021\/11\/CHICOS-SIN-BARBIJOS-EN-LAS-ESCUELAS-300x169.png\" alt=\"\" width=\"300\" height=\"169\" srcset=\"https:\/\/www.visionweb.com.ar\/wp-content\/uploads\/2021\/11\/CHICOS-SIN-BARBIJOS-EN-LAS-ESCUELAS-300x169.png 300w, https:\/\/www.visionweb.com.ar\/wp-content\/uploads\/2021\/11\/CHICOS-SIN-BARBIJOS-EN-LAS-ESCUELAS.png 640w\" sizes=\"auto, (max-width: 300px) 100vw, 300px\" \/>\u00a0 \u00a0<strong>E<\/strong>n el encuentro, encabezado por el titular de la cartera educativa, Alberto Sileoni, la representaci\u00f3n del Frente de Unidad Docente Bonaerense (FUDB) reconoci\u00f3 y destac\u00f3 el \u00abcrecimiento in\u00e9dito de la inversi\u00f3n y planes de obra de infraestructura\u00bb por parte de la administraci\u00f3n de Kicillof.<\/p>\n<p>No obstante, los gremialistas reclamaron por los problemas pendientes de resoluci\u00f3n que afectan el normal funcionamiento de m\u00e1s de 400 escuelas. Del mismo modo, solicitaron mayor seguimiento por parte de la Direcci\u00f3n General de Cultura y Educaci\u00f3n (DGCyE) sobre las responsabilidades de los Consejos Escolares y de los Municipios que reciben el Fondo de Financiamiento Educativo y deben invertir en infraestructura.<\/p>\n<p>Las autoridades educativas informaron que el presupuesto para infraestructura est\u00e1 superando durante 2022 los $15.000 millones, que se destinaron para mejorar las instalaciones de gas $2.100 millones, se enviaron partidas de $375 millones a los Consejos Escolares para reparaciones y compra de artefactos, y se realizaron 1.552 intervenciones en edificios escolares.consign\u00f3 la agencia PBA.<\/p>\n<p>La DGCyE reconoci\u00f3 que quedan 350 edificios con problem\u00e1ticas de calefacci\u00f3n, en las que \u00abse est\u00e1 trabajando para resolverlas\u00bb, seg\u00fan afirm\u00f3 el propio ministro Sileoni. Asimismo, record\u00f3 que al comenzar la gesti\u00f3n hab\u00eda 1967 edificios de los niveles obligatorios con problemas serios en las instalaciones de gas.<\/p>\n<p>Ante la informaci\u00f3n de la DGCyE, el FUDB insisti\u00f3 sobre la necesidad de la pronta resoluci\u00f3n de las problem\u00e1ticas para que todas las escuelas de la provincia tengan garantizadas las condiciones de funcionamiento seg\u00fan la normativa vigente.<\/p>\n<h3 style=\"text-align: center;\"><em><strong>El presupuesto asignado a las mejoras de infraestructura de las escuelas es de 15 mil millones de pesos.<\/strong><\/em><\/h3>\n<p>Por otra parte, el Frente de Unidad Docente Bonaerense retom\u00f3 planteos vinculados a las reiteradas situaciones de conflicto y violencias que se expresan en las escuelas, reclamando la sistem\u00e1tica convocatoria al \u00e1mbito interministerial para el an\u00e1lisis y abordaje de este tipo de manifestaciones del conflicto social.<\/p>\n<p>Adem\u00e1s, se inst\u00f3 a la conformaci\u00f3n de Mesas Intersectoriales Distritales, para intervenir integralmente desde el territorio ante este tipo de situaciones complejas.<\/p>\n<p>Del mismo modo, se insisti\u00f3 en que la Resoluci\u00f3n 2672 de resguardo y reparaci\u00f3n, se transforme en un acuerdo paritario provincial.<\/p>\n<p>La DGCyE se comprometi\u00f3 a darle continuidad al trabajo iniciado en las Reuniones Interministeriales sobre estos temas <strong>(VW)<\/strong>.<\/p>\n<p>&nbsp;<\/p>\n","protected":false},"excerpt":{"rendered":"<p>El Director General de Cultura y Educaci\u00f3n bonaerense, Alberto Sileoni, se reuni\u00f3 hoy con los gremios docentes para analizar la problem\u00e1tica de la falta de gas en unos 350 colegios de la provincia de&#46;&#46;&#46;<\/p>\n","protected":false},"author":3,"featured_media":3455,"comment_status":"closed","ping_status":"closed","sticky":false,"template":"","format":"standard","meta":{"_monsterinsights_skip_tracking":false,"_monsterinsights_sitenote_active":false,"_monsterinsights_sitenote_note":"","_monsterinsights_sitenote_category":0,"footnotes":""},"categories":[7],"tags":[430,970,2417],"class_list":["post-5951","post","type-post","status-publish","format-standard","has-post-thumbnail","hentry","category-educacion-y-cultura","tag-escuelas","tag-infraestructura","tag-silioni"],"_links":{"self":[{"href":"https:\/\/www.visionweb.com.ar\/index.php?rest_route=\/wp\/v2\/posts\/5951","targetHints":{"allow":["GET"]}}],"collection":[{"href":"https:\/\/www.visionweb.com.ar\/index.php?rest_route=\/wp\/v2\/posts"}],"about":[{"href":"https:\/\/www.visionweb.com.ar\/index.php?rest_route=\/wp\/v2\/types\/post"}],"author":[{"embeddable":true,"href":"https:\/\/www.visionweb.com.ar\/index.php?rest_route=\/wp\/v2\/users\/3"}],"replies":[{"embeddable":true,"href":"https:\/\/www.visionweb.com.ar\/index.php?rest_route=%2Fwp%2Fv2%2Fcomments&post=5951"}],"version-history":[{"count":1,"href":"https:\/\/www.visionweb.com.ar\/index.php?rest_route=\/wp\/v2\/posts\/5951\/revisions"}],"predecessor-version":[{"id":5952,"href":"https:\/\/www.visionweb.com.ar\/index.php?rest_route=\/wp\/v2\/posts\/5951\/revisions\/5952"}],"wp:featuredmedia":[{"embeddable":true,"href":"https:\/\/www.visionweb.com.ar\/index.php?rest_route=\/wp\/v2\/media\/3455"}],"wp:attachment":[{"href":"https:\/\/www.visionweb.com.ar\/index.php?rest_route=%2Fwp%2Fv2%2Fmedia&parent=5951"}],"wp:term":[{"taxonomy":"category","embeddable":true,"href":"https:\/\/www.visionweb.com.ar\/index.php?rest_route=%2Fwp%2Fv2%2Fcategories&post=5951"},{"taxonomy":"post_tag","embeddable":true,"href":"https:\/\/www.visionweb.com.ar\/index.php?rest_route=%2Fwp%2Fv2%2Ftags&post=5951"}],"curies":[{"name":"wp","href":"https:\/\/api.w.org\/{rel}","templated":true}]}}