{"id":5948,"date":"2022-06-07T08:35:50","date_gmt":"2022-06-07T11:35:50","guid":{"rendered":"https:\/\/www.visionweb.com.ar\/?p=5948"},"modified":"2022-06-07T08:35:50","modified_gmt":"2022-06-07T11:35:50","slug":"avanzan-las-obras-hidricas-en-lomas-de-zamora","status":"publish","type":"post","link":"https:\/\/www.visionweb.com.ar\/?p=5948","title":{"rendered":"Avanzan las obras h\u00eddricas en Lomas de Zamora"},"content":{"rendered":"<p><em><strong>Los trabajos buscan mejorar el escurrimiento de las aguas en las zonas residenciales y comerciales de la ciudad, inform\u00f3 el Municipio. Desde el Foro H\u00eddrico advirtieron problemas en la Cuenca Baja.<\/strong><\/em><!--more--><\/p>\n<div id=\"attachment_5949\" style=\"width: 310px\" class=\"wp-caption alignright\"><img loading=\"lazy\" decoding=\"async\" aria-describedby=\"caption-attachment-5949\" class=\"wp-image-5949 size-medium\" src=\"https:\/\/www.visionweb.com.ar\/wp-content\/uploads\/2022\/06\/Un-aspecto-de-las-obras-hidircas-en-Lomas-de-Zamora-300x150.png\" alt=\"\" width=\"300\" height=\"150\" srcset=\"https:\/\/www.visionweb.com.ar\/wp-content\/uploads\/2022\/06\/Un-aspecto-de-las-obras-hidircas-en-Lomas-de-Zamora-300x150.png 300w, https:\/\/www.visionweb.com.ar\/wp-content\/uploads\/2022\/06\/Un-aspecto-de-las-obras-hidircas-en-Lomas-de-Zamora-768x383.png 768w, https:\/\/www.visionweb.com.ar\/wp-content\/uploads\/2022\/06\/Un-aspecto-de-las-obras-hidircas-en-Lomas-de-Zamora.png 800w\" sizes=\"auto, (max-width: 300px) 100vw, 300px\" \/><p id=\"caption-attachment-5949\" class=\"wp-caption-text\">Un aspecto de las obras h\u00eddricas que se llevan adelante en Lomas de Zamora (FOTO: AUNO)<\/p><\/div>\n<p><strong>\u00a0 \u00a0 \u00a0 C<\/strong>ontin\u00faa el avances de la construcci\u00f3n de una red de desag\u00fces pluviales del conducto de la calle Amancio Williams, con el fin de mejorar el escurrimiento de las aguas en las zonas residenciales y comerciales de la ciudad.<\/p>\n<p>Desde el Foro H\u00eddrico celebraron la realizaci\u00f3n de los trabajos, aunque se\u00f1alaron que a\u00fan hay \u201cserios problemas\u201d en los barrios de la Cuenca Baja.<\/p>\n<p>Este plan de obras, que comenz\u00f3 hace poco m\u00e1s de un a\u00f1o, permitir\u00e1 drenar las precipitaciones que se acumulan en la superficie de 150 hect\u00e1reas en la zona de Lomas Centro e incluye la continuidad troncal hasta la esquina de Boedo y Carlos Croce.<\/p>\n<p>En di\u00e1logo con AUNO, Jorge G\u00f3mez, integrante del Foro H\u00eddrico de Lomas de Zamora, destac\u00f3 \u201cla velocidad con la que se hicieron las obras\u201d en una zona de la localidad donde varios comerciantes \u201cterminaban con varios cent\u00edmetros de agua dentro de los comercios y perd\u00edan gran parte de la mercader\u00eda\u201d.<\/p>\n<p>El Ramal Williams comprende 2960 metros lineales de conducto principal de hormig\u00f3n, otros 1420 metros de ramales de desag\u00fces y los correspondientes sumideros y c\u00e1maras de inspecci\u00f3n, que mediante una Estaci\u00f3n de Bombeo permitir\u00e1n escurrir el agua de la zona delimitada por Azara\/Saavedra, Boedo, Castelli y Parral hacia el Arroyo del Rey, indica el municipio en su p\u00e1gina web.<\/p>\n<p>La obra tambi\u00e9n contempla la limpieza y el mejoramiento del cauce del Arroyo del Rey, entre Oliden y Pringles, y entre Ant\u00e1rtida Argentina y Segu\u00ed, como tambi\u00e9n del sector que se encuentra entubado entre Pringles y Ant\u00e1rtida Argentina, con el fin de mejorar el escurrimiento aguas arriba, eliminando obstrucciones que puedan generar desbordes en el cruce.<\/p>\n<p><strong>Soluciones a viejos problemas<\/strong><\/p>\n<p>\u201cEl problema comenz\u00f3 con las edificaciones de las torres (edificios) en el gobierno de Rossi. La tierra se qued\u00f3 sin poder absorber los excesos de lluvia y los conductos que hab\u00eda en toda esa zona no eran suficientes para albergar tanta cantidad de agua. A esto se le sum\u00f3 \u201cel colapso de las cloacas que estaban dise\u00f1ados para una cantidad espec\u00edfica de poblaci\u00f3n\u201d, explic\u00f3 el integrante del F<strong>oro H\u00eddrico de Lomas de Zamora, espacio que denuncia el \u201cabandono que sufren los barrios de la Cuenca baja, la falta de agua y el colapso de las cloacas\u201d.<\/strong><\/p>\n<p>G\u00f3mez, adem\u00e1s, denunci\u00f3 que\u00a0<strong>hay \u201cserios problemas\u201d en la Cuenca Baja,<\/strong>\u00a0ya que hay conductos que \u201chace bastante est\u00e1n construidos\u201d en tanto que los nuevos \u201cno tienen el mantenimiento necesario\u201d. \u201cEst\u00e1n pr\u00e1cticamente tapados por tierra, por el sedimento que a\u00f1o a a\u00f1o se fue juntando\u201d, subray\u00f3.<\/p>\n<p>El proyecto de reconstrucci\u00f3n y ampliaci\u00f3n de la red cloacal est\u00e1 financiado por el Ministerio de Obras P\u00fablicas de la Naci\u00f3n con el objetivo de que, cuando est\u00e9 terminada, pueda drenar las aguas hacia el Arroyo del Rey\u201d.<\/p>\n<p>Las cuadrillas actualmente se encuentran trabajando en el conducto principal sobre los siguientes puntos: Pereyra Lucena y Mentruyt; Portela y Almafuerte; Rivera y Tucum\u00e1n; Boedo y Carlos Croce; Almafuerte entre Portela y S\u00e1enz; Portela, de Tucum\u00e1n a Almafuerte; Saenz, desde Almafuerte a Penna.<\/p>\n<p>En tanto, ya se encuentran finalizados los tramos comprendidos entre las calles Pereyra Lucena desde Verdi a Wagner; Wagner entre Pereyra Lucena y Rivera; Rivera desde Bali\u00f1a a Tucum\u00e1n; Tucum\u00e1n entre Rivera y Portela; y Portela de Tucum\u00e1n a Almafuerte<strong>(VW)<\/strong>.<\/p>\n","protected":false},"excerpt":{"rendered":"<p>Los trabajos buscan mejorar el escurrimiento de las aguas en las zonas residenciales y comerciales de la ciudad, inform\u00f3 el Municipio. Desde el Foro H\u00eddrico advirtieron problemas en la Cuenca Baja.<\/p>\n","protected":false},"author":3,"featured_media":5949,"comment_status":"closed","ping_status":"closed","sticky":false,"template":"","format":"standard","meta":{"_monsterinsights_skip_tracking":false,"_monsterinsights_sitenote_active":false,"_monsterinsights_sitenote_note":"","_monsterinsights_sitenote_category":0,"footnotes":""},"categories":[3,1822],"tags":[688,318,394],"class_list":["post-5948","post","type-post","status-publish","format-standard","has-post-thumbnail","hentry","category-actualidad","category-internacionales","tag-desagues","tag-lomas-de-zamora","tag-obras"],"_links":{"self":[{"href":"https:\/\/www.visionweb.com.ar\/index.php?rest_route=\/wp\/v2\/posts\/5948","targetHints":{"allow":["GET"]}}],"collection":[{"href":"https:\/\/www.visionweb.com.ar\/index.php?rest_route=\/wp\/v2\/posts"}],"about":[{"href":"https:\/\/www.visionweb.com.ar\/index.php?rest_route=\/wp\/v2\/types\/post"}],"author":[{"embeddable":true,"href":"https:\/\/www.visionweb.com.ar\/index.php?rest_route=\/wp\/v2\/users\/3"}],"replies":[{"embeddable":true,"href":"https:\/\/www.visionweb.com.ar\/index.php?rest_route=%2Fwp%2Fv2%2Fcomments&post=5948"}],"version-history":[{"count":1,"href":"https:\/\/www.visionweb.com.ar\/index.php?rest_route=\/wp\/v2\/posts\/5948\/revisions"}],"predecessor-version":[{"id":5950,"href":"https:\/\/www.visionweb.com.ar\/index.php?rest_route=\/wp\/v2\/posts\/5948\/revisions\/5950"}],"wp:featuredmedia":[{"embeddable":true,"href":"https:\/\/www.visionweb.com.ar\/index.php?rest_route=\/wp\/v2\/media\/5949"}],"wp:attachment":[{"href":"https:\/\/www.visionweb.com.ar\/index.php?rest_route=%2Fwp%2Fv2%2Fmedia&parent=5948"}],"wp:term":[{"taxonomy":"category","embeddable":true,"href":"https:\/\/www.visionweb.com.ar\/index.php?rest_route=%2Fwp%2Fv2%2Fcategories&post=5948"},{"taxonomy":"post_tag","embeddable":true,"href":"https:\/\/www.visionweb.com.ar\/index.php?rest_route=%2Fwp%2Fv2%2Ftags&post=5948"}],"curies":[{"name":"wp","href":"https:\/\/api.w.org\/{rel}","templated":true}]}}