{"id":5944,"date":"2022-06-06T18:07:16","date_gmt":"2022-06-06T21:07:16","guid":{"rendered":"https:\/\/www.visionweb.com.ar\/?p=5944"},"modified":"2022-06-06T18:07:16","modified_gmt":"2022-06-06T21:07:16","slug":"lanus-en-la-semana-del-ambiente-habra-puntos-de-recepcion-de-reciclables","status":"publish","type":"post","link":"https:\/\/www.visionweb.com.ar\/?p=5944","title":{"rendered":"Lan\u00fas: En la \u201cSemana del Ambiente\u201d habr\u00e1 puntos de recepci\u00f3n de reciclables"},"content":{"rendered":"<p><em><strong>La iniciativa se extiende durante toda la semana con distintas postas de recepci\u00f3n de materiales reciclables como papel, cart\u00f3n, vidrio, pl\u00e1stico y las \u201cbotellas de amor\u201d. Se suspende por lluvia.<\/strong><\/em><!--more--><\/p>\n<p><strong>\u00a0\u00a0\u00a0\u00a0\u00a0\u00a0\u00a0\u00a0\u00a0\u00a0\u00a0\u00a0 <img loading=\"lazy\" decoding=\"async\" class=\"size-full wp-image-5946 aligncenter\" src=\"https:\/\/www.visionweb.com.ar\/wp-content\/uploads\/2022\/06\/lanus-recicla.bmp\" alt=\"\" width=\"480\" height=\"480\" \/>\u00a0\u00a0\u00a0\u00a0\u00a0\u00a0\u00a0\u00a0\u00a0\u00a0 <\/strong><strong>E<\/strong>l Municipio de Lan\u00fas lanz\u00f3 la \u201cSemana del Ambiente\u201d con el lema: \u201cEl mejor residuo es el que no se genera\u201d, y en ese marco convoca a la comunidad a sumarse a la iniciativa para llevar los residuos reciclables a las distintas postas que ir\u00e1n rotando durante toda la semana.\u00a0Los materiales reciclables son: papel, cart\u00f3n, vidrio y pl\u00e1stico de un solo uso, entre otros elementos.<\/p>\n<p>En ese sentido, el Municipio de Lan\u00fas, escribi\u00f3 en su cuenta Facebook: \u201cEn el marco del D\u00eda Mundial del Ambiente te proponemos acercarte a entregar a los puntos de reciclaje tus Botellas de Amor, Aceite Vegetal Usado, Residuos El\u00e9ctricos y Electr\u00f3nicos, y materiales reciclables\u201d.<\/p>\n<p>\u00abEl mejor residuo es el que no se genera\u00bb.<\/p>\n<p><strong>Las botellas del amor:<\/strong><strong>\u00a0<\/strong>Se refiere a botellas pl\u00e1sticas que se llenan con productos que no son considerados reciclables, como paquetes de galletitas, alfajores y bolsitas de nylon. El dato es que deben estar bien comprimidos los materiales para que no queda aire en el medio. Tambi\u00e9n se las conoce como ecobotellas o ecoladrillos.<\/p>\n<p>Los puntos de reciclaje para las Botellas de Amor, Aceite Vegetal Usado, Residuos El\u00e9ctricos y Electr\u00f3nicos, y materiales reciclables, son:<\/p>\n<p>El\u00a0d\u00eda <strong>martes<\/strong><strong>\u00a0<\/strong>estar\u00e1n en la Plaza 25 de Mayo, ubicada en Santiago Plaul y 25 de Mayo;<\/p>\n<p><strong>Mi\u00e9rcoles<\/strong><strong>\u00a0<\/strong>en la Plaza Ricardo Rojas, ubicada en la avenida Teodoro de Bustamente y Comandante Mamberti;<\/p>\n<p><strong>Jueves\u00a0<\/strong>\u00a0Plaza Leandro N. Alem, de R. Cabrero y J. \u00c1lvarez Condarco;<\/p>\n<p><strong>Viernes<\/strong><strong>\u00a0<\/strong> Plaza Sarmiento, situada en avenida 90 de Julio y General Ferre;<\/p>\n<p><strong>S\u00e1bado<\/strong><strong>\u00a0<\/strong> Plaza Mariano Moreno, de la avenida Hip\u00f3lito Yrigoyen y L. Caputo en Remedios de Escalada. <strong>(VW)<\/strong><\/p>\n<p>&nbsp;<\/p>\n<p>&nbsp;<\/p>\n<p>&nbsp;<\/p>\n","protected":false},"excerpt":{"rendered":"<p>La iniciativa se extiende durante toda la semana con distintas postas de recepci\u00f3n de materiales reciclables como papel, cart\u00f3n, vidrio, pl\u00e1stico y las \u201cbotellas de amor\u201d. Se suspende por lluvia.<\/p>\n","protected":false},"author":4,"featured_media":5946,"comment_status":"closed","ping_status":"closed","sticky":false,"template":"","format":"standard","meta":{"_monsterinsights_skip_tracking":false,"_monsterinsights_sitenote_active":false,"_monsterinsights_sitenote_note":"","_monsterinsights_sitenote_category":0,"footnotes":""},"categories":[8],"tags":[19,607,2427,2426],"class_list":["post-5944","post","type-post","status-publish","format-standard","has-post-thumbnail","hentry","category-interes-general","tag-lanus","tag-medio-ambiente","tag-reciclar","tag-semana-del-ambiente"],"_links":{"self":[{"href":"https:\/\/www.visionweb.com.ar\/index.php?rest_route=\/wp\/v2\/posts\/5944","targetHints":{"allow":["GET"]}}],"collection":[{"href":"https:\/\/www.visionweb.com.ar\/index.php?rest_route=\/wp\/v2\/posts"}],"about":[{"href":"https:\/\/www.visionweb.com.ar\/index.php?rest_route=\/wp\/v2\/types\/post"}],"author":[{"embeddable":true,"href":"https:\/\/www.visionweb.com.ar\/index.php?rest_route=\/wp\/v2\/users\/4"}],"replies":[{"embeddable":true,"href":"https:\/\/www.visionweb.com.ar\/index.php?rest_route=%2Fwp%2Fv2%2Fcomments&post=5944"}],"version-history":[{"count":2,"href":"https:\/\/www.visionweb.com.ar\/index.php?rest_route=\/wp\/v2\/posts\/5944\/revisions"}],"predecessor-version":[{"id":5947,"href":"https:\/\/www.visionweb.com.ar\/index.php?rest_route=\/wp\/v2\/posts\/5944\/revisions\/5947"}],"wp:featuredmedia":[{"embeddable":true,"href":"https:\/\/www.visionweb.com.ar\/index.php?rest_route=\/wp\/v2\/media\/5946"}],"wp:attachment":[{"href":"https:\/\/www.visionweb.com.ar\/index.php?rest_route=%2Fwp%2Fv2%2Fmedia&parent=5944"}],"wp:term":[{"taxonomy":"category","embeddable":true,"href":"https:\/\/www.visionweb.com.ar\/index.php?rest_route=%2Fwp%2Fv2%2Fcategories&post=5944"},{"taxonomy":"post_tag","embeddable":true,"href":"https:\/\/www.visionweb.com.ar\/index.php?rest_route=%2Fwp%2Fv2%2Ftags&post=5944"}],"curies":[{"name":"wp","href":"https:\/\/api.w.org\/{rel}","templated":true}]}}