{"id":5940,"date":"2022-06-03T14:00:34","date_gmt":"2022-06-03T17:00:34","guid":{"rendered":"https:\/\/www.visionweb.com.ar\/?p=5940"},"modified":"2022-06-03T14:00:34","modified_gmt":"2022-06-03T17:00:34","slug":"el-gobierno-analiza-el-aumento-del-40-en-boletos-de-colectivos","status":"publish","type":"post","link":"https:\/\/www.visionweb.com.ar\/?p=5940","title":{"rendered":"El Gobierno analiza el aumento del 40% en boletos de colectivos"},"content":{"rendered":"<p><em><strong>Juan Manzur afirm\u00f3 que trabajan en un aumento del 40% para los boletos de transporte p\u00fablico para el AMBA. El boleto m\u00ednimo se ir\u00eda a $ 25.20. La suba se aplicar\u00eda\u00a0desde julio.\u00a0<\/strong><\/em><!--more--><\/p>\n<p><strong><img loading=\"lazy\" decoding=\"async\" class=\"size-full wp-image-5942 aligncenter\" src=\"https:\/\/www.visionweb.com.ar\/wp-content\/uploads\/2022\/06\/colectivos-sube.bmp\" alt=\"\" width=\"473\" height=\"432\" \/>E<\/strong>l jefe de Gabinete Juan Manzur confirm\u00f3 ayer durante la presentaci\u00f3n de su informe de gesti\u00f3n ante el Senado, que el Gobierno nacional eval\u00faa un aumento de las tarifas de colectivos. Por el momento, la medida alcanzar\u00eda a Capital Federal y a las localidades del territorio bonaerense que integran el \u00c1rea Metropolitana de Buenos Aires (AMBA).<\/p>\n<p>Por su parte, desde el Ministerio de Transporte ratificaron los dichos del jefe de Gabinete y manifestaron que ya iniciaron el expediente \u201cdonde se le pide a las \u00e1reas t\u00e9cnicas del Ministerio de Transporte de la Naci\u00f3n que eval\u00faen y analicen la situaci\u00f3n de los \u00faltimos 3 a\u00f1os, en los cuales no hubo incrementos al boleto, y donde sin embargo hubo incrementos de diversos aumentos como el paritario, en la estructura de costos del sistema, el combustible entre otros\u201d.<\/p>\n<p>Boleto actual de\u00a0<strong>$18<\/strong>\u00a0(0 a 3 kil\u00f3metros) pasar\u00e1 a costar\u00a0<strong>$25,20<\/strong><\/p>\n<p>Boleto actual de\u00a0<strong>$20<\/strong>\u00a0(de 3 a 6 kil\u00f3metros de distancia) pasar\u00e1 a\u00a0<strong>$28<\/strong><\/p>\n<p>Boleto actual de\u00a0<strong>$21<\/strong>\u00a0(de 6 a 12 kil\u00f3metros) aumentar\u00e1 a\u00a0<strong>$29,40<\/strong><\/p>\n<p>Boleto actual de\u00a0<strong>$22<\/strong>\u00a0(de 12 a 27 kil\u00f3metros) pasar\u00e1 a costar\u00a0<strong>$30,80<\/strong><\/p>\n<p>Boleto actual de\u00a0<strong>$23<\/strong>\u00a0(de 27 a 45 kil\u00f3metros) quedar\u00e1 a\u00a0<strong>$32,20<\/strong><\/p>\n<p>A la vez, desde la cartera de Transporte aseguraron que a pesar del aumento\u00a0se mantendr\u00e1 el descuento del 55% de la tarifa social<strong>,<\/strong>\u00a0y los descuentos de la red\u00a0SUBE, que permiten reducir los costos del segundo y tercer viaje.<\/p>\n<p>Con referencia a los subsidios, el objetivo de la administraci\u00f3n de Alberto Fern\u00e1ndez es<strong>\u00a0<\/strong>que la Ciudad se haga cargo del control y de los subsidios de las 32 l\u00edneas de colectivos de Caba. Y desde la cartera nacional enviaron una convocatoria a una\u00a0reuni\u00f3n para el pr\u00f3ximo lunes para trabajar ese tema.<\/p>\n<p>En n\u00fameros, el a\u00f1o pasado la Naci\u00f3n traslad\u00f3 $ 14.600.000 millones a la Ciudad, que representan casi 50 por ciento de los subsidios. Este a\u00f1o, seg\u00fan c\u00e1lculos oficiales, esa cifra trepar\u00eda a los $ 20 mil millones.<\/p>\n<p>Al mismo tiempo, se conoci\u00f3 que existe un proyecto de resoluci\u00f3n con\u00a0el nuevo cuadro de tarifas para transporte ferroviario, en cuyo caso, el boleto del primer tramo seg\u00fan la l\u00ednea, cuesta entre $ 6,75 y $ 12,25. Si se aplica tambi\u00e9n un incremento del 40%, se ir\u00edan a $ 9,45 y $ 17,15 respectivamente.<\/p>\n<p>En cuanto al subte, que est\u00e1 bajo la \u00f3rbita del Gobierno porte\u00f1o, el \u00faltimo aumento, del 25%, se produjo en abril del a\u00f1o pasado, cuando los viajes se fueron a $ 30. Por ahora no hay informaci\u00f3n respecto a un posible incremento. <strong>(VW)<\/strong><\/p>\n<p>&nbsp;<\/p>\n","protected":false},"excerpt":{"rendered":"<p>Juan Manzur afirm\u00f3 que trabajan en un aumento del 40% para los boletos de transporte p\u00fablico para el AMBA. El boleto m\u00ednimo se ir\u00eda a $ 25.20. La suba se aplicar\u00eda\u00a0desde julio.\u00a0<\/p>\n","protected":false},"author":4,"featured_media":5942,"comment_status":"closed","ping_status":"closed","sticky":false,"template":"","format":"standard","meta":{"_monsterinsights_skip_tracking":false,"_monsterinsights_sitenote_active":false,"_monsterinsights_sitenote_note":"","_monsterinsights_sitenote_category":0,"footnotes":""},"categories":[6],"tags":[196,2425,1819,1170,1707],"class_list":["post-5940","post","type-post","status-publish","format-standard","has-post-thumbnail","hentry","category-economia","tag-amba","tag-aumento-de-colectivos","tag-boletos","tag-manzur","tag-pasajes"],"_links":{"self":[{"href":"https:\/\/www.visionweb.com.ar\/index.php?rest_route=\/wp\/v2\/posts\/5940","targetHints":{"allow":["GET"]}}],"collection":[{"href":"https:\/\/www.visionweb.com.ar\/index.php?rest_route=\/wp\/v2\/posts"}],"about":[{"href":"https:\/\/www.visionweb.com.ar\/index.php?rest_route=\/wp\/v2\/types\/post"}],"author":[{"embeddable":true,"href":"https:\/\/www.visionweb.com.ar\/index.php?rest_route=\/wp\/v2\/users\/4"}],"replies":[{"embeddable":true,"href":"https:\/\/www.visionweb.com.ar\/index.php?rest_route=%2Fwp%2Fv2%2Fcomments&post=5940"}],"version-history":[{"count":2,"href":"https:\/\/www.visionweb.com.ar\/index.php?rest_route=\/wp\/v2\/posts\/5940\/revisions"}],"predecessor-version":[{"id":5943,"href":"https:\/\/www.visionweb.com.ar\/index.php?rest_route=\/wp\/v2\/posts\/5940\/revisions\/5943"}],"wp:featuredmedia":[{"embeddable":true,"href":"https:\/\/www.visionweb.com.ar\/index.php?rest_route=\/wp\/v2\/media\/5942"}],"wp:attachment":[{"href":"https:\/\/www.visionweb.com.ar\/index.php?rest_route=%2Fwp%2Fv2%2Fmedia&parent=5940"}],"wp:term":[{"taxonomy":"category","embeddable":true,"href":"https:\/\/www.visionweb.com.ar\/index.php?rest_route=%2Fwp%2Fv2%2Fcategories&post=5940"},{"taxonomy":"post_tag","embeddable":true,"href":"https:\/\/www.visionweb.com.ar\/index.php?rest_route=%2Fwp%2Fv2%2Ftags&post=5940"}],"curies":[{"name":"wp","href":"https:\/\/api.w.org\/{rel}","templated":true}]}}