{"id":5935,"date":"2022-06-03T12:27:44","date_gmt":"2022-06-03T15:27:44","guid":{"rendered":"https:\/\/www.visionweb.com.ar\/?p=5935"},"modified":"2022-06-03T12:27:44","modified_gmt":"2022-06-03T15:27:44","slug":"movilizacion-de-niunamenos-el-mismo-reclamo-tras-7-anos","status":"publish","type":"post","link":"https:\/\/www.visionweb.com.ar\/?p=5935","title":{"rendered":"Movilizaci\u00f3n de #niunamenos: El mismo reclamo tras 7 a\u00f1os"},"content":{"rendered":"<p><em><strong>La convocatoria central se realizar\u00e1 frente al Congreso de la Naci\u00f3n, y se esperan actos en las principales ciudades.<\/strong><\/em><!--more--><\/p>\n<div id=\"attachment_5937\" style=\"width: 563px\" class=\"wp-caption aligncenter\"><img loading=\"lazy\" decoding=\"async\" aria-describedby=\"caption-attachment-5937\" class=\"wp-image-5937 size-full\" src=\"https:\/\/www.visionweb.com.ar\/wp-content\/uploads\/2022\/06\/Ni-uma-menos-marcha-de-2015.bmp\" alt=\"\" width=\"553\" height=\"362\" \/><p id=\"caption-attachment-5937\" class=\"wp-caption-text\">Marcha Ni Una Menos del 2015. (Foto: internet)<\/p><\/div>\n<p><strong>\u00a0\u00a0\u00a0\u00a0\u00a0\u00a0\u00a0\u00a0\u00a0\u00a0\u00a0\u00a0\u00a0\u00a0 \u00a0\u00a0\u00a0\u00a0\u00a0\u00a0\u00a0\u00a0\u00a0\u00a0\u00a0 L<\/strong>a marcha de \u201cNi Una Menos\u201d en la ciudad de Buenos Aires tendr\u00e1 lugar esta tarde desde Plaza de Mayo al Congreso, y habr\u00e1 r\u00e9plicas en todo el pa\u00eds, con el reclamo contra la violencia de g\u00e9nero\u00a0y casos de femicidios. A siete a\u00f1os de la primera movilizaci\u00f3n, el lema de este a\u00f1o es: <strong>\u201c\u00a1Vivas, Libres y Desendeudadas nos Queremos! El Estado es responsable\u201d<\/strong>.<\/p>\n<p>Como en ocasiones anteriores, las actividades de los distintos colectivos feministas que convocan a trav\u00e9s del Hashtag<strong>#NiUnaMenos<\/strong><strong>.<\/strong><\/p>\n<p>En las redes sociales habr\u00e1 una iniciativa con familiares que narran en primera persona sus historias con el pedido de que\u00a0este 3 de junio \u00abse escuchen nuestros pedidos\u00bb.<\/p>\n<p>La agrupaci\u00f3n Familiares V\u00edctimas de Femicidios realizar\u00e1 un memorial con las fotos de las v\u00edctimas, en Plaza de Mayo.<\/p>\n<p>Desde la Red de G\u00e9neros Oculta organizar\u00e1n un recorrido por los pasillos del asentamiento Ciudad Oculta, ubicada en la Comuna 8 de la Ciudad, interviniendo paredes, ya que muchas de las vecinas no pueden asistir a marchar.<\/p>\n<p><a href=\"https:\/\/www.visionweb.com.ar\/wp-content\/uploads\/2022\/06\/Ni-una-menos.bmp\"><img loading=\"lazy\" decoding=\"async\" class=\"size-full wp-image-5938 aligncenter\" src=\"https:\/\/www.visionweb.com.ar\/wp-content\/uploads\/2022\/06\/Ni-una-menos.bmp\" alt=\"\" width=\"610\" height=\"366\" \/><\/a>Por su parte, el Observatorio Nacional de las Mujeres de la Matria Latinoamericana \u201cMujeres, Disidencias, Derechos\u201d (MuMaL\u00e1) realiz\u00f3 un trabajo en el que analiza la situaci\u00f3n de las distintas provincias\u00a0del pa\u00eds, desde 2015 a la fecha.<\/p>\n<p>La provincia de Buenos Aires es la que registra mayor cantidad de muertes, con 683 casos, seguida por Santa Fe (182), C\u00f3rdoba (143) y Salta (104).<\/p>\n<p>Sin embargo, si se analiza el mismo cuadro considerando la poblaci\u00f3n, se observa una fuerte concentraci\u00f3n de casos en la regi\u00f3n del norte del pa\u00eds, ya que en Jujuy hubo un promedio de 2 femicidios cada 100 mil habitantes, seguida por Salta y Santiago del Estero, ambas con 1,9.<\/p>\n<p>El informe de\u00a0MuMaL\u00e1 adem\u00e1s pone el foco en la edad de las v\u00edctimas, que promedian los 36 a\u00f1os.\u00a0\u00abEl 51 % de las v\u00edctimas son mujeres de entre 19 y 40 a\u00f1os, el 24 % tienen de 41 a 60 a\u00f1os.\u00a0Destacamos que un 9% de las v\u00edctimas eran personas mayores de 60 a\u00f1os\u00bb, explica.<\/p>\n<p>Adem\u00e1s menciona la situaci\u00f3n de las infancias que quedan en medio de los femicidas. \u00abEn 7 a\u00f1os, 132 ni\u00f1os\/as\/es de 0 a 12 a\u00f1os fueron v\u00edctimas de femicidio. En las infancias, el 46% de los femicidios fueron vinculados.\u00a0Ni\u00f1os y ni\u00f1as son asesinados para causar dolor y culpa irreparable a sus madres o por encontrarse en la l\u00ednea de fuego de los femicidas\u00bb, explica el informe, que se\u00f1ala que esa cifra \u00abtriplica el promedio general de femicidios vinculados\u00bb.<\/p>\n<p>Desde el 3 de junio de 2015 al 27 de mayo de 2022, se produjeron 1.990 femicidios, 51 trans-travesticidios y 191 femicidios vinculados de varones, seg\u00fan un nuevo informe del Observatorio de Femicidios en Argentina \u201cAdriana Marisel Zambrano\u201d.<\/p>\n<p>En tanto,\u00a0durante el 2021 se cometieron un total de 251 femicidios, entre ellos 20 vinculados y 5 trans-travesticidios, seg\u00fan el trabajo del Registro Nacional de Femicidios de la Justicia Argentina realizado por la Oficina de la Mujer (OM) de la Corte Suprema de Justicia de la Naci\u00f3n (CSJN) que fue divulgado esta semana.<\/p>\n<p><strong>Trenes hoy no cobra los pasajes<\/strong>: La empresa Trenes Argentinos Operaciones inform\u00f3 que dejar\u00e1 de cobrar los boletos a partir de horas del mediod\u00eda para facilitar el traslado de las personas que asistan a la\u00a0marcha de Ni Una Menos.<\/p>\n<p>La empresa indic\u00f3 a trav\u00e9s de Twitter: \u201cA partir de las 12, Trenes Argentinos dejar\u00e1 de cobrar pasajes para facilitar la circulaci\u00f3n de las personas que decidan asistir a la marcha\u201d. \u201cDesde #TrenesArgentinos reforzamos el compromiso para erradicar la violencia hacia las mujeres y diversidades en nuestros espacios laborales\u201d, a\u00f1adi\u00f3 en un posteo en el que record\u00f3 que hoy se cumplen siete a\u00f1os de la primera movilizaci\u00f3n de Ni Una Menos. <strong>(VW)<\/strong><\/p>\n","protected":false},"excerpt":{"rendered":"<p>La convocatoria central se realizar\u00e1 frente al Congreso de la Naci\u00f3n, y se esperan actos en las principales ciudades.<\/p>\n","protected":false},"author":4,"featured_media":5938,"comment_status":"closed","ping_status":"closed","sticky":false,"template":"","format":"standard","meta":{"_monsterinsights_skip_tracking":false,"_monsterinsights_sitenote_active":false,"_monsterinsights_sitenote_note":"","_monsterinsights_sitenote_category":0,"footnotes":""},"categories":[3,5],"tags":[2423,2422,516,2421,2424],"class_list":["post-5935","post","type-post","status-publish","format-standard","has-post-thumbnail","hentry","category-actualidad","category-sociedad","tag-niunamenos","tag-feicidios","tag-marcha","tag-ni-una-menos","tag-violencia-de-genero"],"_links":{"self":[{"href":"https:\/\/www.visionweb.com.ar\/index.php?rest_route=\/wp\/v2\/posts\/5935","targetHints":{"allow":["GET"]}}],"collection":[{"href":"https:\/\/www.visionweb.com.ar\/index.php?rest_route=\/wp\/v2\/posts"}],"about":[{"href":"https:\/\/www.visionweb.com.ar\/index.php?rest_route=\/wp\/v2\/types\/post"}],"author":[{"embeddable":true,"href":"https:\/\/www.visionweb.com.ar\/index.php?rest_route=\/wp\/v2\/users\/4"}],"replies":[{"embeddable":true,"href":"https:\/\/www.visionweb.com.ar\/index.php?rest_route=%2Fwp%2Fv2%2Fcomments&post=5935"}],"version-history":[{"count":2,"href":"https:\/\/www.visionweb.com.ar\/index.php?rest_route=\/wp\/v2\/posts\/5935\/revisions"}],"predecessor-version":[{"id":5939,"href":"https:\/\/www.visionweb.com.ar\/index.php?rest_route=\/wp\/v2\/posts\/5935\/revisions\/5939"}],"wp:featuredmedia":[{"embeddable":true,"href":"https:\/\/www.visionweb.com.ar\/index.php?rest_route=\/wp\/v2\/media\/5938"}],"wp:attachment":[{"href":"https:\/\/www.visionweb.com.ar\/index.php?rest_route=%2Fwp%2Fv2%2Fmedia&parent=5935"}],"wp:term":[{"taxonomy":"category","embeddable":true,"href":"https:\/\/www.visionweb.com.ar\/index.php?rest_route=%2Fwp%2Fv2%2Fcategories&post=5935"},{"taxonomy":"post_tag","embeddable":true,"href":"https:\/\/www.visionweb.com.ar\/index.php?rest_route=%2Fwp%2Fv2%2Ftags&post=5935"}],"curies":[{"name":"wp","href":"https:\/\/api.w.org\/{rel}","templated":true}]}}