{"id":5930,"date":"2022-06-03T11:37:56","date_gmt":"2022-06-03T14:37:56","guid":{"rendered":"https:\/\/www.visionweb.com.ar\/?p=5930"},"modified":"2022-06-03T11:37:56","modified_gmt":"2022-06-03T14:37:56","slug":"turismo-de-reuniones-la-cat-en-busca-de-la-reactivacion","status":"publish","type":"post","link":"https:\/\/www.visionweb.com.ar\/?p=5930","title":{"rendered":"Turismo de reuniones: La CAT en busca de la reactivaci\u00f3n"},"content":{"rendered":"<p><em><strong>La C\u00e1mara Argentina de Turismo (CAT) particip\u00f3 de IMEX Frankfurt 2022, con el objetivo puesto en reafirmar las grandes oportunidades de la actividad tur\u00edstica con las que cuenta nuestro pa\u00eds.<\/strong><\/em><!--more--><\/p>\n<div id=\"attachment_5932\" style=\"width: 617px\" class=\"wp-caption aligncenter\"><img loading=\"lazy\" decoding=\"async\" aria-describedby=\"caption-attachment-5932\" class=\"wp-image-5932 size-full\" src=\"https:\/\/www.visionweb.com.ar\/wp-content\/uploads\/2022\/06\/turismo-2.bmp\" alt=\"\" width=\"607\" height=\"377\" \/><p id=\"caption-attachment-5932\" class=\"wp-caption-text\">La delegaci\u00f3n argentina promocion\u00f3 la oferta de turismo de reuniones, congresos, eventos con las operadoras internacionales. (Fotos: Prensa CAT)<\/p><\/div>\n<p><strong>U<\/strong>na delegaci\u00f3n nacional de la C\u00e1mara Argentina de Turismo (CAT) \u00a0viaj\u00f3 a la ciudad de Frankfurt, Alemania, para participar de la feria de turismo de reuniones IMEX Frankfurt 2022 en Alemania, una de las convocatorias de turismo de reuniones m\u00e1s importante del mundo.<\/p>\n<p>La feria se desarroll\u00f3 en Messe Frankfurt. All\u00ed reuni\u00f3 a expositores de m\u00e1s de 100 pa\u00edses que participaron del tradicional encuentro, conforme indic\u00f3 Prensa de la CAT.<\/p>\n<p>En ese sentido, el presidente de la CAT, Gustavo Hani expres\u00f3 que: \u201cNuestra labor fundamental fue acompa\u00f1ar la recomposici\u00f3n de los negocios y promover el arribo de turistas a la Argentina. Vamos a continuar por ese camino porque creemos que nuestro pa\u00eds tiene que volver a ser protagonista del turismo de reuniones a nivel mundial\u201d.<\/p>\n<p>\u201cSeguimos trabajando para incrementar la llegada de turistas internacionales, para reactivar los negocios y posicionar a la Argentina como destino l\u00edder de Am\u00e9rica Latina\u201d, afirm\u00f3 Gustavo Hani.<\/p>\n<p>Y a la vez subray\u00f3: \u201cNuestra misi\u00f3n fue reafirmar el gran potencial que tiene Argentina en este segmento, que nuevamente se est\u00e1 reposicionando\u201d.<\/p>\n<p><a href=\"https:\/\/www.visionweb.com.ar\/wp-content\/uploads\/2022\/06\/turismo-1.bmp\"><img loading=\"lazy\" decoding=\"async\" class=\"size-full wp-image-5933 aligncenter\" src=\"https:\/\/www.visionweb.com.ar\/wp-content\/uploads\/2022\/06\/turismo-1.bmp\" alt=\"\" width=\"526\" height=\"374\" \/><\/a>El viaje a Frankfurt se realiz\u00f3 entre el 31 de mayo al 2 de junio\u00a0y cont\u00f3 con la participaci\u00f3n del presidente de la CAT, Gustavo Hani; el secretario de Relaciones Institucionales, Horacio Reppucci; los representantes del Inprotur, Pablo Sismanian y Evelin Amaya; la directora ejecutiva del Visit Buenos Aires, Karina Perticone; el representante del Villa la Angostura C&amp;V Bureau, Alejandro Rey; y el director ejecutivo de la Asociaci\u00f3n Argentina de Organizadores y Proveedores de Exposiciones, Congresos, Eventos y Bur\u00f3s de Convenciones (AOCA), Mat\u00edas Sket. Asimismo, participaron de la feria 16 empresarios del sector tur\u00edstico.<\/p>\n<p>Durante los tres d\u00edas de feria, la delegaci\u00f3n promocion\u00f3 la variada oferta para la organizaci\u00f3n de congresos, reuniones, eventos y viajes de incentivo hacia nuestro pa\u00eds. En ese contexto, las empresas operadoras y hoteles nacionales reportaron un muy buen clima de negocios en las citas que tuvieron con sus pares internacionales.<\/p>\n<p>Cabe recordar que Argentina lleg\u00f3 a alcanzar, previo a la pandemia, el puesto 18\u00b0 del ranking de la Asociaci\u00f3n Internacional de Congresos y Convenciones (ICCA), mientras que la ciudad de Buenos Aires se consolid\u00f3 como la n\u00famero uno de Am\u00e9rica. <strong>(VW)<\/strong><\/p>\n<p>&nbsp;<\/p>\n","protected":false},"excerpt":{"rendered":"<p>La C\u00e1mara Argentina de Turismo (CAT) particip\u00f3 de IMEX Frankfurt 2022, con el objetivo puesto en reafirmar las grandes oportunidades de la actividad tur\u00edstica con las que cuenta nuestro pa\u00eds.<\/p>\n","protected":false},"author":4,"featured_media":5933,"comment_status":"closed","ping_status":"closed","sticky":false,"template":"","format":"standard","meta":{"_monsterinsights_skip_tracking":false,"_monsterinsights_sitenote_active":false,"_monsterinsights_sitenote_note":"","_monsterinsights_sitenote_category":0,"footnotes":""},"categories":[700],"tags":[1371,2419,1373,2420],"class_list":["post-5930","post","type-post","status-publish","format-standard","has-post-thumbnail","hentry","category-turismo","tag-cat","tag-feria-frankfurt","tag-hani","tag-imex-2022"],"_links":{"self":[{"href":"https:\/\/www.visionweb.com.ar\/index.php?rest_route=\/wp\/v2\/posts\/5930","targetHints":{"allow":["GET"]}}],"collection":[{"href":"https:\/\/www.visionweb.com.ar\/index.php?rest_route=\/wp\/v2\/posts"}],"about":[{"href":"https:\/\/www.visionweb.com.ar\/index.php?rest_route=\/wp\/v2\/types\/post"}],"author":[{"embeddable":true,"href":"https:\/\/www.visionweb.com.ar\/index.php?rest_route=\/wp\/v2\/users\/4"}],"replies":[{"embeddable":true,"href":"https:\/\/www.visionweb.com.ar\/index.php?rest_route=%2Fwp%2Fv2%2Fcomments&post=5930"}],"version-history":[{"count":2,"href":"https:\/\/www.visionweb.com.ar\/index.php?rest_route=\/wp\/v2\/posts\/5930\/revisions"}],"predecessor-version":[{"id":5934,"href":"https:\/\/www.visionweb.com.ar\/index.php?rest_route=\/wp\/v2\/posts\/5930\/revisions\/5934"}],"wp:featuredmedia":[{"embeddable":true,"href":"https:\/\/www.visionweb.com.ar\/index.php?rest_route=\/wp\/v2\/media\/5933"}],"wp:attachment":[{"href":"https:\/\/www.visionweb.com.ar\/index.php?rest_route=%2Fwp%2Fv2%2Fmedia&parent=5930"}],"wp:term":[{"taxonomy":"category","embeddable":true,"href":"https:\/\/www.visionweb.com.ar\/index.php?rest_route=%2Fwp%2Fv2%2Fcategories&post=5930"},{"taxonomy":"post_tag","embeddable":true,"href":"https:\/\/www.visionweb.com.ar\/index.php?rest_route=%2Fwp%2Fv2%2Ftags&post=5930"}],"curies":[{"name":"wp","href":"https:\/\/api.w.org\/{rel}","templated":true}]}}