{"id":5926,"date":"2022-06-03T08:23:26","date_gmt":"2022-06-03T11:23:26","guid":{"rendered":"https:\/\/www.visionweb.com.ar\/?p=5926"},"modified":"2022-06-03T08:23:26","modified_gmt":"2022-06-03T11:23:26","slug":"calefaccion-en-las-escuelas-sileoni-recibe-a-los-gremios-docentes-el-proximo-lunes","status":"publish","type":"post","link":"https:\/\/www.visionweb.com.ar\/?p=5926","title":{"rendered":"Calefacci\u00f3n en las escuelas: Sileoni recibe a los gremios docentes el pr\u00f3ximo lunes"},"content":{"rendered":"<p><strong><em>La reuni\u00f3n se concretar\u00e1 el lunes en el marco de los reclamos que surgieron en colegios de distintos distritos de la provincia.\u00a0<\/em><\/strong><!--more--><\/p>\n<div id=\"attachment_5927\" style=\"width: 310px\" class=\"wp-caption alignright\"><img loading=\"lazy\" decoding=\"async\" aria-describedby=\"caption-attachment-5927\" class=\"wp-image-5927 size-medium\" src=\"https:\/\/www.visionweb.com.ar\/wp-content\/uploads\/2022\/06\/ESCUELAS-300x201.png\" alt=\"\" width=\"300\" height=\"201\" srcset=\"https:\/\/www.visionweb.com.ar\/wp-content\/uploads\/2022\/06\/ESCUELAS-300x201.png 300w, https:\/\/www.visionweb.com.ar\/wp-content\/uploads\/2022\/06\/ESCUELAS.png 691w\" sizes=\"auto, (max-width: 300px) 100vw, 300px\" \/><p id=\"caption-attachment-5927\" class=\"wp-caption-text\">Los gremios se reunieron con el Director General de Educaci\u00f3n, Alberto Sileoni,<\/p><\/div>\n<p><strong>E<\/strong>l director general de Cultura y Educaci\u00f3n provincial, Alberto Sileoni, recibir\u00e1 el pr\u00f3ximo lunes al Frente de Unidad Docente Bonaerense (FUDB) para dialogar sobre las obras de gas realizadas en distintos edificios educativos y del cumplimiento de las medidas de prevenci\u00f3n contra el Covid-19, en medio de reclamos por conflictos de calefacci\u00f3n en escuelas que surgieron en distintos distritos.<\/p>\n<p>La reuni\u00f3n fue solicitada el pasado lunes por el FUDB (integrado por Suteba, FEB, Udocba, Sadop y AMET) para \u201cdar tratamiento espec\u00edfico a las condiciones prioritarias para el desarrollo de clases en el per\u00edodo de bajas temperaturas en las escuelas bonaerenses\u201d.<\/p>\n<p>El FUDB hab\u00eda solicitado el encuentro para pedir informaci\u00f3n sobre obras de gas y exigir el cumplimiento de las medidas de prevenci\u00f3n contra el Covid-19, indic\u00f3 la agencia de noticias DIB.<\/p>\n<p>Seg\u00fan se\u00f1alaron desde el Frente a trav\u00e9s de un comunicado, los representantes gremiales buscan \u201cacceder a la informaci\u00f3n de los planes y programas destinados a obras de gas, encendido y mantenimiento de sistemas de calefacci\u00f3n, y asimismo tomar conocimiento de los recursos transferidos a los Consejos Escolares y a los Municipios para el desarrollo de las pol\u00edticas antes mencionadas\u201d.<\/p>\n<p>En tanto, los gremios tambi\u00e9n piden unificar y fijar un posicionamiento claro sobre los protocolos para todos los distritos \u201cya que en algunos de ellos no se aseguran integralmente las condiciones y criterios para el dictado seguro y efectivo de clases, fundamentales para garantizar el cuidado de los alumnos y las alumnas, de los trabajadores y las trabajadoras de la educaci\u00f3n y de los y las auxiliares de la educaci\u00f3n en todos los establecimientos educativos provinciales\u201d.<\/p>\n<p>Desde el sector gremial le confirmaron a DIB que el encuentro finalmente se realizar\u00e1 el pr\u00f3ximo lunes a las 10 de la ma\u00f1ana en el edificio central de la Direcci\u00f3n General de Cultura y Educaci\u00f3n, ubicada en el centro de La Plata.<\/p>\n<p>La reuni\u00f3n se da en el marco de reclamos por conflictos de calefacci\u00f3n en escuelas de distintos municipios de la provincia como La Plata y Bah\u00eda Blanca. Hoy Sileoni sostuvo que la situaci\u00f3n solo afecta al 3% de los colegios de la provincia.<\/p>\n<p>En tanto, en di\u00e1logo con el canal de noticias A24, la secretaria Adjunta de Suteba, Silvia Almaz\u00e1n, record\u00f3 que la provincia de Buenos Aires cuenta con unos 13 mil edificios escolares y que de acuerdo a un relevamiento del gremio ser\u00edan 500 las escuelas con inconvenientes por distintas circunstancias. \u201cHay una responsabilidad compartida entre Provincia, municipios y consejos escolares\u201d, se\u00f1al\u00f3 la sindicalista<strong>(VW)<\/strong><\/p>\n","protected":false},"excerpt":{"rendered":"<p>La reuni\u00f3n se concretar\u00e1 el lunes en el marco de los reclamos que surgieron en colegios de distintos distritos de la provincia.\u00a0<\/p>\n","protected":false},"author":3,"featured_media":5927,"comment_status":"closed","ping_status":"closed","sticky":false,"template":"","format":"standard","meta":{"_monsterinsights_skip_tracking":false,"_monsterinsights_sitenote_active":false,"_monsterinsights_sitenote_note":"","_monsterinsights_sitenote_category":0,"footnotes":""},"categories":[7],"tags":[430,1826,2418,2417],"class_list":["post-5926","post","type-post","status-publish","format-standard","has-post-thumbnail","hentry","category-educacion-y-cultura","tag-escuelas","tag-gas","tag-invierno","tag-silioni"],"_links":{"self":[{"href":"https:\/\/www.visionweb.com.ar\/index.php?rest_route=\/wp\/v2\/posts\/5926","targetHints":{"allow":["GET"]}}],"collection":[{"href":"https:\/\/www.visionweb.com.ar\/index.php?rest_route=\/wp\/v2\/posts"}],"about":[{"href":"https:\/\/www.visionweb.com.ar\/index.php?rest_route=\/wp\/v2\/types\/post"}],"author":[{"embeddable":true,"href":"https:\/\/www.visionweb.com.ar\/index.php?rest_route=\/wp\/v2\/users\/3"}],"replies":[{"embeddable":true,"href":"https:\/\/www.visionweb.com.ar\/index.php?rest_route=%2Fwp%2Fv2%2Fcomments&post=5926"}],"version-history":[{"count":1,"href":"https:\/\/www.visionweb.com.ar\/index.php?rest_route=\/wp\/v2\/posts\/5926\/revisions"}],"predecessor-version":[{"id":5928,"href":"https:\/\/www.visionweb.com.ar\/index.php?rest_route=\/wp\/v2\/posts\/5926\/revisions\/5928"}],"wp:featuredmedia":[{"embeddable":true,"href":"https:\/\/www.visionweb.com.ar\/index.php?rest_route=\/wp\/v2\/media\/5927"}],"wp:attachment":[{"href":"https:\/\/www.visionweb.com.ar\/index.php?rest_route=%2Fwp%2Fv2%2Fmedia&parent=5926"}],"wp:term":[{"taxonomy":"category","embeddable":true,"href":"https:\/\/www.visionweb.com.ar\/index.php?rest_route=%2Fwp%2Fv2%2Fcategories&post=5926"},{"taxonomy":"post_tag","embeddable":true,"href":"https:\/\/www.visionweb.com.ar\/index.php?rest_route=%2Fwp%2Fv2%2Ftags&post=5926"}],"curies":[{"name":"wp","href":"https:\/\/api.w.org\/{rel}","templated":true}]}}