{"id":5923,"date":"2022-06-03T07:33:40","date_gmt":"2022-06-03T10:33:40","guid":{"rendered":"https:\/\/www.visionweb.com.ar\/?p=5923"},"modified":"2022-06-03T07:33:40","modified_gmt":"2022-06-03T10:33:40","slug":"legislatura-bonaerense-aprueba-reforma-a-la-ley-organica-del-tribunal-de-cuentas","status":"publish","type":"post","link":"https:\/\/www.visionweb.com.ar\/?p=5923","title":{"rendered":"Legislatura bonaerense: Aprueba reforma a la Ley org\u00e1nica del Tribunal de Cuentas"},"content":{"rendered":"<p><em><strong>Tambi\u00e9n se voto una reforma a la Ley del Defensor del Pueblo.<\/strong> <strong>El cuerpo legislativo tambi\u00e9n aprob\u00f3 modificaciones de leyes: la de la Ley 11.722 de Forestaci\u00f3n de Rutas Provinciales, promoviendo la forestaci\u00f3n con plantas nativas en los espacios adyacentes a las rutas.<\/strong><\/em><!--more--><\/p>\n<p><strong><img loading=\"lazy\" decoding=\"async\" class=\"size-medium wp-image-5924 alignright\" src=\"https:\/\/www.visionweb.com.ar\/wp-content\/uploads\/2022\/06\/CAMARA-DE-DIPUTADOS-BONAERENSE-300x200.png\" alt=\"\" width=\"300\" height=\"200\" srcset=\"https:\/\/www.visionweb.com.ar\/wp-content\/uploads\/2022\/06\/CAMARA-DE-DIPUTADOS-BONAERENSE-300x200.png 300w, https:\/\/www.visionweb.com.ar\/wp-content\/uploads\/2022\/06\/CAMARA-DE-DIPUTADOS-BONAERENSE.png 640w\" sizes=\"auto, (max-width: 300px) 100vw, 300px\" \/>L<\/strong>a C\u00e1mara de diputados bonaerense aprob\u00f3 en su \u00faltima sesi\u00f3n la modificaci\u00f3n de los art\u00edculos 7, 8 y 13 de la Ley 10.869 Org\u00e1nica del Tribunal de Cuentas.<\/p>\n<p>Adem\u00e1s, se aprob\u00f3 la modificaci\u00f3n del anexo I de la Ley 15.314 y de la Ley 13.834 del Defensor del Pueblo de la Provincia de Buenos Aires, creando la Defensor\u00eda Adjunta de Derechos Humanos y la Defensor\u00eda Adjunta de Usuarios de Servicios de Salud a partir de la Defensor\u00eda Adjunta de Derechos Humanos y Usuarios de Servicios de Salud.<\/p>\n<p>Los defensores adjuntos designados son Mart\u00edn Brignoli (Derechos Humanos) y Marcelo Honores (Usuarios de Servicios de Salud). Adem\u00e1s, Luis Mar\u00eda Ferella fue elegido defensor adjunto general y \u00c1ngel Domingo Garc\u00eda fue elegido defensor adjunto de Ambiente y Asociaciones Civiles.<\/p>\n<p>Tambi\u00e9n se aprob\u00f3 la expropiaci\u00f3n de un inmueble en San Nicol\u00e1s para la ampliaci\u00f3n de las instalaciones educativas de la Mutual de Ayuda entre Ferroportuarios Activos, Jubilados y Pensionados.<\/p>\n<p>Asimismo, se convirti\u00f3 en ley la expropiaci\u00f3n de otro inmueble en la localidad de Gonz\u00e1lez Cat\u00e1n, que ser\u00e1 transferido al Municipio de La Matanza para desarrollar actividades deportivas, sociales y de esparcimiento para la comunidad.<\/p>\n<p>El cuerpo legislativo tambi\u00e9n aprob\u00f3 modificaciones de leyes: la de la Ley 11.722 de Forestaci\u00f3n de Rutas Provinciales, promoviendo la forestaci\u00f3n con plantas nativas en los espacios adyacentes a las rutas; y la de las leyes 10.559 y 10.397 para el acceso irrestricto a la informaci\u00f3n tributaria provincial por parte de los gobiernos locales.<\/p>\n<p>Finalmente, se declar\u00f3 Patrimonio Cultural y Monumento Hist\u00f3rico a la Casa de la Cultura de Pedro Luro y se estableci\u00f3 que la Promesa de Lealtad a la Bandera sea tomada por ex combatientes de Malvinas<strong>(VW)<\/strong>.<\/p>\n<p>&nbsp;<\/p>\n","protected":false},"excerpt":{"rendered":"<p>Tambi\u00e9n se voto una reforma a la Ley del Defensor del Pueblo. El cuerpo legislativo tambi\u00e9n aprob\u00f3 modificaciones de leyes: la de la Ley 11.722 de Forestaci\u00f3n de Rutas Provinciales, promoviendo la forestaci\u00f3n con&#46;&#46;&#46;<\/p>\n","protected":false},"author":3,"featured_media":5924,"comment_status":"closed","ping_status":"closed","sticky":false,"template":"","format":"standard","meta":{"_monsterinsights_skip_tracking":false,"_monsterinsights_sitenote_active":false,"_monsterinsights_sitenote_note":"","_monsterinsights_sitenote_category":0,"footnotes":""},"categories":[4],"tags":[2415,2416,2240],"class_list":["post-5923","post","type-post","status-publish","format-standard","has-post-thumbnail","hentry","category-politica","tag-defensor-del-pueblo","tag-expropiaciones","tag-legislatura-bonaerense"],"_links":{"self":[{"href":"https:\/\/www.visionweb.com.ar\/index.php?rest_route=\/wp\/v2\/posts\/5923","targetHints":{"allow":["GET"]}}],"collection":[{"href":"https:\/\/www.visionweb.com.ar\/index.php?rest_route=\/wp\/v2\/posts"}],"about":[{"href":"https:\/\/www.visionweb.com.ar\/index.php?rest_route=\/wp\/v2\/types\/post"}],"author":[{"embeddable":true,"href":"https:\/\/www.visionweb.com.ar\/index.php?rest_route=\/wp\/v2\/users\/3"}],"replies":[{"embeddable":true,"href":"https:\/\/www.visionweb.com.ar\/index.php?rest_route=%2Fwp%2Fv2%2Fcomments&post=5923"}],"version-history":[{"count":1,"href":"https:\/\/www.visionweb.com.ar\/index.php?rest_route=\/wp\/v2\/posts\/5923\/revisions"}],"predecessor-version":[{"id":5925,"href":"https:\/\/www.visionweb.com.ar\/index.php?rest_route=\/wp\/v2\/posts\/5923\/revisions\/5925"}],"wp:featuredmedia":[{"embeddable":true,"href":"https:\/\/www.visionweb.com.ar\/index.php?rest_route=\/wp\/v2\/media\/5924"}],"wp:attachment":[{"href":"https:\/\/www.visionweb.com.ar\/index.php?rest_route=%2Fwp%2Fv2%2Fmedia&parent=5923"}],"wp:term":[{"taxonomy":"category","embeddable":true,"href":"https:\/\/www.visionweb.com.ar\/index.php?rest_route=%2Fwp%2Fv2%2Fcategories&post=5923"},{"taxonomy":"post_tag","embeddable":true,"href":"https:\/\/www.visionweb.com.ar\/index.php?rest_route=%2Fwp%2Fv2%2Ftags&post=5923"}],"curies":[{"name":"wp","href":"https:\/\/api.w.org\/{rel}","templated":true}]}}