{"id":5896,"date":"2022-06-01T10:58:13","date_gmt":"2022-06-01T13:58:13","guid":{"rendered":"https:\/\/www.visionweb.com.ar\/?p=5896"},"modified":"2022-06-01T18:26:31","modified_gmt":"2022-06-01T21:26:31","slug":"una-muestra-sobre-malvinas-de-la-unla-se-exhibe-en-la-legislatura-portena","status":"publish","type":"post","link":"https:\/\/www.visionweb.com.ar\/?p=5896","title":{"rendered":"Una muestra sobre Malvinas se exhibe en la legislatura porte\u00f1a"},"content":{"rendered":"<p><em><strong>Es presentada por el Observatorio Malvinas de la UNLa. El proyecto busc\u00f3 incitar a los artistas a tomar ese paisaje, hacerlo propio y, una vez recuperado, fuera restituido a la mirada de los otros a trav\u00e9s de sus obras.<\/strong><\/em><!--more--><\/p>\n<p><strong><img loading=\"lazy\" decoding=\"async\" class=\"size-medium wp-image-5901 alignright\" src=\"https:\/\/www.visionweb.com.ar\/wp-content\/uploads\/2022\/06\/Muestra-sobre-MAlvinas-en-la-legislatura-portena-300x241.png\" alt=\"\" width=\"300\" height=\"241\" srcset=\"https:\/\/www.visionweb.com.ar\/wp-content\/uploads\/2022\/06\/Muestra-sobre-MAlvinas-en-la-legislatura-portena-300x241.png 300w, https:\/\/www.visionweb.com.ar\/wp-content\/uploads\/2022\/06\/Muestra-sobre-MAlvinas-en-la-legislatura-portena.png 692w\" sizes=\"auto, (max-width: 300px) 100vw, 300px\" \/>C<\/strong>on la consigna\u00a0<strong> \u00abPaisaje Palabra \/ Recuperaci\u00f3n po\u00e9tica del territorio\u00bb <\/strong>el Observatorio Malvinas de la Universidad Nacional de Lan\u00fas (UNLa) presentar\u00e1 este mi\u00e9rcoles 1\u00b0 de junio, a partir de las 18,una muestra tem\u00e1tica que se exhibir\u00e1 en el subsuelo de la Legislatura porte\u00f1a.<\/p>\n<p>La iniciativa, conformada por obras de 18 artistas pl\u00e1sticos que se inspiraron inspiradas en un punto espec\u00edfico del paisaje malvinense, podr\u00e1 visitarse hasta el 15 de junio, de lunes a viernes de 10 a 19, en la sala de exposiciones Manuel Belgrano de la Legislatura, con entrada gratuita.<\/p>\n<p><strong>El proyecto<\/strong><\/p>\n<p>El Observatorio Malvinas de la UNLa convoc\u00f3 a principios de 2015 a los artistas pl\u00e1sticos Ricardo Ajler, Gabriel \u00c1lvarez, Amalia Bonholzer, Rub\u00e9n Borr\u00e9, Nicol\u00e1s Ram\u00f3n Boschi, Daniel Corvino, H\u00e9ctor Dest\u00e9fanis, Germ\u00e1n G\u00e1rgano, Omar Gasparini, Martin Gil Mari\u00f1o, Jorge Gonz\u00e1lez Perr\u00edn, Julio Lavallen, Teresa Lascano, Nicol\u00e1s Menza, Marta P\u00e9rez T\u00e9mperley, Susana Saravia, Ana Tarsia, Anal\u00eda Ver\u00f3nica Romero y les propuso, a cada uno, la elaboraci\u00f3n de una obra que tomara como punto de partida, una coordenada espec\u00edfica del paisaje malvinense.<\/p>\n<p>Unos meses antes, un equipo de filmaci\u00f3n del Observatorio hab\u00eda estado en Malvinas realizando el cortometraje <strong>El Viaje de Abril,<\/strong> con el apoyo del Ministerio de Cultura de Educaci\u00f3n. En esa ocasi\u00f3n, film\u00f3 y marc\u00f3 con GPS 18 sitios hist\u00f3ricos de la isla Soledad.<\/p>\n<p>El Observatorio, a su regreso,\u00a0 agrup\u00f3 esos registros audiovisuales, realiz\u00f3 rese\u00f1as hist\u00f3ricas de los lugares filmados y, junto con otros materiales complementarios (audios, fotos, textos), le entreg\u00f3 a cada uno de los artistas convocados los registros correspondientes a las coordenadas sobre las cuales les tocar\u00eda trabajar.<\/p>\n<p>Utilizados como punto de partida, esos materiales sirvieron de orientaci\u00f3n para el proyecto pict\u00f3rico de cada artista. Solo se hab\u00edan convenido dos cosas: que las obras llevar\u00edan por nombre las coordenadas de cada lugar y que su realizaci\u00f3n tendr\u00eda para todos el mismo formato: 1.50 x 1.20 mts., utilizado en forma apaisada.<\/p>\n<p>La invitaci\u00f3n, naturalmente, no fue a \u201creproducir\u201d los paisajes, aunque el proyecto no exclu\u00eda la posibilidad de esta intenci\u00f3n. Se quer\u00eda que cada artista tomara los documentos y registros de cada sitio como est\u00edmulo para reinventar el paisaje, con las formas y los recursos que cada uno creyera conveniente.<\/p>\n<p>Fue as\u00ed como se puso en marcha una acci\u00f3n pict\u00f3rica, en la que 18 artistas se lanzaban a una reapropiaci\u00f3n del paisaje malvinense, cada uno operando sobre un punto espec\u00edfico de las Islas.<\/p>\n<p>El proyecto buscaba incitarlos a tomar ese paisaje, hacerlo propio y, una vez recuperado, fuera restituido a la mirada de los otros a trav\u00e9s de sus obras: la colecci\u00f3n \u2013que fue donada a la Universidad con la condici\u00f3n de que se mantuviera unida- integrar\u00edan la muestra itinerante \u201cPaisaje Palabra \/ Recuperaci\u00f3n Po\u00e9tica del Territorio\u201d, que desde fines de 2015 viene siendo exhibida en espacios p\u00fablicos y privados (museos, instituciones educativas, organizaciones sociales, salas de exhibici\u00f3n) y est\u00e1 a disposici\u00f3n para quien la solicite.<\/p>\n<p>De esta manera, la muestra \u2013 que cuenta con la curadur\u00eda de Daniel L\u00f3pez y Rub\u00e9n Borr\u00e9 permite transitar y emocionarse en cada obra a trav\u00e9s de la mirada del artista.<\/p>\n<p>\u00abPaisaje Palabra. Recuperaci\u00f3n po\u00e9tica del territorio\u00bb fue declarada de inter\u00e9s social y cultural por la Legislatura de la Ciudad Aut\u00f3noma de Buenos Aires (1376-D-2022) por iniciativa de la Diputada Magdalena Tiesso del bloque del Frente de Todos<strong>(VW)<\/strong>.<\/p>\n","protected":false},"excerpt":{"rendered":"<p>Es presentada por el Observatorio Malvinas de la UNLa. El proyecto busc\u00f3 incitar a los artistas a tomar ese paisaje, hacerlo propio y, una vez recuperado, fuera restituido a la mirada de los otros&#46;&#46;&#46;<\/p>\n","protected":false},"author":3,"featured_media":5901,"comment_status":"closed","ping_status":"closed","sticky":false,"template":"","format":"standard","meta":{"_monsterinsights_skip_tracking":false,"_monsterinsights_sitenote_active":false,"_monsterinsights_sitenote_note":"","_monsterinsights_sitenote_category":0,"footnotes":""},"categories":[7],"tags":[2406,2405,2015],"class_list":["post-5896","post","type-post","status-publish","format-standard","has-post-thumbnail","hentry","category-educacion-y-cultura","tag-artistas","tag-legislatura-portena","tag-malvinas"],"_links":{"self":[{"href":"https:\/\/www.visionweb.com.ar\/index.php?rest_route=\/wp\/v2\/posts\/5896","targetHints":{"allow":["GET"]}}],"collection":[{"href":"https:\/\/www.visionweb.com.ar\/index.php?rest_route=\/wp\/v2\/posts"}],"about":[{"href":"https:\/\/www.visionweb.com.ar\/index.php?rest_route=\/wp\/v2\/types\/post"}],"author":[{"embeddable":true,"href":"https:\/\/www.visionweb.com.ar\/index.php?rest_route=\/wp\/v2\/users\/3"}],"replies":[{"embeddable":true,"href":"https:\/\/www.visionweb.com.ar\/index.php?rest_route=%2Fwp%2Fv2%2Fcomments&post=5896"}],"version-history":[{"count":4,"href":"https:\/\/www.visionweb.com.ar\/index.php?rest_route=\/wp\/v2\/posts\/5896\/revisions"}],"predecessor-version":[{"id":5902,"href":"https:\/\/www.visionweb.com.ar\/index.php?rest_route=\/wp\/v2\/posts\/5896\/revisions\/5902"}],"wp:featuredmedia":[{"embeddable":true,"href":"https:\/\/www.visionweb.com.ar\/index.php?rest_route=\/wp\/v2\/media\/5901"}],"wp:attachment":[{"href":"https:\/\/www.visionweb.com.ar\/index.php?rest_route=%2Fwp%2Fv2%2Fmedia&parent=5896"}],"wp:term":[{"taxonomy":"category","embeddable":true,"href":"https:\/\/www.visionweb.com.ar\/index.php?rest_route=%2Fwp%2Fv2%2Fcategories&post=5896"},{"taxonomy":"post_tag","embeddable":true,"href":"https:\/\/www.visionweb.com.ar\/index.php?rest_route=%2Fwp%2Fv2%2Ftags&post=5896"}],"curies":[{"name":"wp","href":"https:\/\/api.w.org\/{rel}","templated":true}]}}