{"id":5891,"date":"2022-06-01T08:21:58","date_gmt":"2022-06-01T11:21:58","guid":{"rendered":"https:\/\/www.visionweb.com.ar\/?p=5891"},"modified":"2022-05-31T19:45:27","modified_gmt":"2022-05-31T22:45:27","slug":"la-actividad-manufacturera-bonaerense-crecio-mas-del-7","status":"publish","type":"post","link":"https:\/\/www.visionweb.com.ar\/?p=5891","title":{"rendered":"La actividad manufacturera bonaerense creci\u00f3 m\u00e1s del 7%"},"content":{"rendered":"<p><strong><em>As\u00ed lo demostr\u00f3 la medici\u00f3n del Indicador Sint\u00e9tico de la Industria Manufacturera (ISIM), con subas del 7,4% respecto de igual mes de 2021.<\/em><\/strong><!--more--><\/p>\n<p><strong><img loading=\"lazy\" decoding=\"async\" class=\"size-medium wp-image-3593 alignright\" src=\"https:\/\/www.visionweb.com.ar\/wp-content\/uploads\/2021\/11\/LA-INDUSTRIA-TEXTIL-FUE-UNA-DE-LAS-QUE-MAS-SE-RECUPERO-EN-AGOSTO-300x169.png\" alt=\"\" width=\"300\" height=\"169\" srcset=\"https:\/\/www.visionweb.com.ar\/wp-content\/uploads\/2021\/11\/LA-INDUSTRIA-TEXTIL-FUE-UNA-DE-LAS-QUE-MAS-SE-RECUPERO-EN-AGOSTO-300x169.png 300w, https:\/\/www.visionweb.com.ar\/wp-content\/uploads\/2021\/11\/LA-INDUSTRIA-TEXTIL-FUE-UNA-DE-LAS-QUE-MAS-SE-RECUPERO-EN-AGOSTO.png 640w\" sizes=\"auto, (max-width: 300px) 100vw, 300px\" \/>L<\/strong>a industria manufacturera de la provincia de Buenos Aires tuvo un crecimiento en febrero del 7,4% respecto del mismo mes del 2021.<\/p>\n<p>Es la primera vez desde que se lleva un registro en la serie del ISIM-PBA se alcanzaron doce meses de crecimiento consecutivo. Adem\u00e1s, el ISIM-PBA de febrero de 2022 super\u00f3 en 5,8% al de 2020.<\/p>\n<p>El ISIM, elaborado por la Direcci\u00f3n Provincial de Estad\u00edstica, mostr\u00f3 que en febrero de 2022 ocho de los once bloques que componen el ISIM-PBA tuvieron aumentos interanuales.<\/p>\n<p>Por orden de incidencia, fueron: Productos qu\u00edmicos (27,5%); Alimentos y bebidas (7,9%); M\u00e1quinas y equipos (10,2%); Veh\u00edculos automotores (20,3%); Caucho y pl\u00e1stico (9,9%); Minerales no met\u00e1licos (7,9%); Textiles y cueros (3,4%) y Tabaco (24,9%).<\/p>\n<h3 style=\"text-align: center;\"><span style=\"color: #008000;\"><strong><em><span style=\"color: #0000ff;\">El rubro e los productos qu\u00edmicos es el que m\u00e1s c<\/span>r<span style=\"color: #0000ff;\">eci\u00f3<\/span><\/em><\/strong><\/span><\/h3>\n<p style=\"text-align: left;\"><img loading=\"lazy\" decoding=\"async\" class=\"size-medium wp-image-3592 alignleft\" src=\"https:\/\/www.visionweb.com.ar\/wp-content\/uploads\/2021\/11\/CRECIMIENTO-ACTIVIDAD-INDUSTRIAL-300x214.png\" alt=\"\" width=\"300\" height=\"214\" srcset=\"https:\/\/www.visionweb.com.ar\/wp-content\/uploads\/2021\/11\/CRECIMIENTO-ACTIVIDAD-INDUSTRIAL-300x214.png 300w, https:\/\/www.visionweb.com.ar\/wp-content\/uploads\/2021\/11\/CRECIMIENTO-ACTIVIDAD-INDUSTRIAL.png 640w\" sizes=\"auto, (max-width: 300px) 100vw, 300px\" \/>Al respecto, el ministro de Hacienda y Finanzas, Pablo L\u00f3pez, asegur\u00f3 que: \u201cCon el resultado de febrero, la industria en la provincia de Buenos Aires cerr\u00f3 el primer bimestre de 2022 con un crecimiento acumulado del 4,5% al operar con niveles superiores a la pre-pandemia: un 5% por encima de febrero de 2019 y un 5,8% arriba del mismo mes de 2020\u201d.<\/p>\n<p>\u201cDesde la Provincia mantenemos un compromiso de largo plazo con las y los bonaerenses, y el desarrollo industrial es uno de sus pilares fundamentales\u201d, concluy\u00f3 el Ministro.<\/p>\n<p>El ISIM tiene como objetivo disponer de un indicador mensual que permita observar el comportamiento de la actividad industrial provincial.<\/p>\n<p>Se constituye mediante el seguimiento y estimaci\u00f3n de los denominados Bloques Industriales, conformados por grupos de actividades industriales con caracter\u00edsticas comunes, a trav\u00e9s de estimaciones mensuales sobre el sector manufacturero provincial con base en informaci\u00f3n proveniente de la Encuesta Industrial Mensual que realiza el INDEC y datos obtenidos por relevamientos propios que realiza dicha Direcci\u00f3n<strong>(VW)<\/strong>.<\/p>\n<p>&nbsp;<\/p>\n","protected":false},"excerpt":{"rendered":"<p>As\u00ed lo demostr\u00f3 la medici\u00f3n del Indicador Sint\u00e9tico de la Industria Manufacturera (ISIM), con subas del 7,4% respecto de igual mes de 2021.<\/p>\n","protected":false},"author":3,"featured_media":3593,"comment_status":"closed","ping_status":"closed","sticky":false,"template":"","format":"standard","meta":{"_monsterinsights_skip_tracking":false,"_monsterinsights_sitenote_active":false,"_monsterinsights_sitenote_note":"","_monsterinsights_sitenote_category":0,"footnotes":""},"categories":[6,749],"tags":[2399,2400,2398],"class_list":["post-5891","post","type-post","status-publish","format-standard","has-post-thumbnail","hentry","category-economia","category-pymes","tag-automotrices","tag-febrero-2022","tag-quimicos"],"_links":{"self":[{"href":"https:\/\/www.visionweb.com.ar\/index.php?rest_route=\/wp\/v2\/posts\/5891","targetHints":{"allow":["GET"]}}],"collection":[{"href":"https:\/\/www.visionweb.com.ar\/index.php?rest_route=\/wp\/v2\/posts"}],"about":[{"href":"https:\/\/www.visionweb.com.ar\/index.php?rest_route=\/wp\/v2\/types\/post"}],"author":[{"embeddable":true,"href":"https:\/\/www.visionweb.com.ar\/index.php?rest_route=\/wp\/v2\/users\/3"}],"replies":[{"embeddable":true,"href":"https:\/\/www.visionweb.com.ar\/index.php?rest_route=%2Fwp%2Fv2%2Fcomments&post=5891"}],"version-history":[{"count":1,"href":"https:\/\/www.visionweb.com.ar\/index.php?rest_route=\/wp\/v2\/posts\/5891\/revisions"}],"predecessor-version":[{"id":5892,"href":"https:\/\/www.visionweb.com.ar\/index.php?rest_route=\/wp\/v2\/posts\/5891\/revisions\/5892"}],"wp:featuredmedia":[{"embeddable":true,"href":"https:\/\/www.visionweb.com.ar\/index.php?rest_route=\/wp\/v2\/media\/3593"}],"wp:attachment":[{"href":"https:\/\/www.visionweb.com.ar\/index.php?rest_route=%2Fwp%2Fv2%2Fmedia&parent=5891"}],"wp:term":[{"taxonomy":"category","embeddable":true,"href":"https:\/\/www.visionweb.com.ar\/index.php?rest_route=%2Fwp%2Fv2%2Fcategories&post=5891"},{"taxonomy":"post_tag","embeddable":true,"href":"https:\/\/www.visionweb.com.ar\/index.php?rest_route=%2Fwp%2Fv2%2Ftags&post=5891"}],"curies":[{"name":"wp","href":"https:\/\/api.w.org\/{rel}","templated":true}]}}