{"id":5885,"date":"2022-05-31T13:40:26","date_gmt":"2022-05-31T16:40:26","guid":{"rendered":"https:\/\/www.visionweb.com.ar\/?p=5885"},"modified":"2022-05-31T13:40:26","modified_gmt":"2022-05-31T16:40:26","slug":"lanus-continuan-los-operativos-para-personas-en-situacion-de-calle","status":"publish","type":"post","link":"https:\/\/www.visionweb.com.ar\/?p=5885","title":{"rendered":"Lan\u00fas: Contin\u00faan los operativos para personas en situaci\u00f3n de calle"},"content":{"rendered":"<p><em><strong>Frente a la ola de fr\u00edo aumentan las acciones para asistir a los m\u00e1s necesitados. Hay 35 puntos de entrega en todo Lan\u00fas, coordinados y relevados por la direcci\u00f3n de Asistencia Cr\u00edtica.<\/strong><\/em><!--more--><\/p>\n<div id=\"attachment_5887\" style=\"width: 571px\" class=\"wp-caption aligncenter\"><img loading=\"lazy\" decoding=\"async\" aria-describedby=\"caption-attachment-5887\" class=\"wp-image-5887 size-full\" src=\"https:\/\/www.visionweb.com.ar\/wp-content\/uploads\/2022\/05\/kravetz-asistencia-calle.bmp\" alt=\"\" width=\"561\" height=\"417\" \/><p id=\"caption-attachment-5887\" class=\"wp-caption-text\">Operativos de asistencia a personas en situaci\u00f3n de calle. (Fotos: Facebook oficial Diego Kravetz)<\/p><\/div>\n<p><strong>E<\/strong>l equipo de Desarrollo Social del municipio de Lan\u00fas contin\u00faa con los trabajos de asistencia para aquellas personas que se encuentran en situaci\u00f3n de calle. Entre otros aspectos, tienen a cargo la preparaci\u00f3n de viandas de comida que se entregan de lunes a viernes en distintos puntos del municipio.<\/p>\n<p>En ese sentido, el jefe de gabinete de Lan\u00fas, Diego Kravetz, supervis\u00f3 los trabajos que realiza el equipo, acompa\u00f1ado por la secretaria de Desarrollo Social, Noelia Quindimil, y particip\u00f3 de la organizaci\u00f3n del operativo que en esta ocasi\u00f3n, por la ola de fr\u00edo tambi\u00e9n incluy\u00f3 la entrega de mantas de polar y abrigos.<\/p>\n<p>Si bien, en sus comienzos a mediados del 2016 este programa se llam\u00f3 \u201cOperativo Fr\u00edo\u201d porque se entregaba en la \u00e9poca de invierno, la iniciativa continu\u00f3 y se realiza durante todo el a\u00f1o.<\/p>\n<p>Hoy son 35 los puntos de entrega en todo Lan\u00fas, coordinados y relevados por la direcci\u00f3n de Asistencia Cr\u00edtica.<\/p>\n<p>El trabajo de todo el equipo no concluye con acercar a quienes no tienen un lugar donde dormir un plato de comida, tambi\u00e9n se intenta establecer contacto con las familias, o saber si cuentan con alg\u00fan otro tipo de asistencia para lograr su reinserci\u00f3n social.<\/p>\n<p><a href=\"https:\/\/www.visionweb.com.ar\/wp-content\/uploads\/2022\/05\/kravetz-asistencia-a-personas-calle.bmp\"><img loading=\"lazy\" decoding=\"async\" class=\"size-full wp-image-5888 aligncenter\" src=\"https:\/\/www.visionweb.com.ar\/wp-content\/uploads\/2022\/05\/kravetz-asistencia-a-personas-calle.bmp\" alt=\"\" width=\"589\" height=\"374\" \/><\/a>Adem\u00e1s del operativo diario, los mi\u00e9rcoles de 8 a 12 hs. se les brinda la posibilidad de ba\u00f1arse en las instalaciones del Ministerio de Dios. Desde el municipio se les entregan toallones y productos para la higiene personal.<\/p>\n<p>En su mayor\u00eda, quienes se encuentran en esta situaci\u00f3n son hombres entre los 30 y los 70 a\u00f1os.<\/p>\n<p>Los \u201cpuntos de entrega\u201d son aquellos espacios de la v\u00eda p\u00fablica en los que una o varias personas pasan la noche. Para ello, existe adem\u00e1s de los equipos de relevamiento, una l\u00ednea telef\u00f3nica a la cual puede llamar cualquier vecino que vea a alguien en estas condiciones para que se le pueda asistir.<\/p>\n<p>El n\u00famero habilitado en Lan\u00fas para informar casos de situaci\u00f3n de calle es el 4357-5177. <strong>(VW)<\/strong><\/p>\n","protected":false},"excerpt":{"rendered":"<p>Frente a la ola de fr\u00edo aumentan las acciones para asistir a los m\u00e1s necesitados. Hay 35 puntos de entrega en todo Lan\u00fas, coordinados y relevados por la direcci\u00f3n de Asistencia Cr\u00edtica.<\/p>\n","protected":false},"author":4,"featured_media":5888,"comment_status":"closed","ping_status":"closed","sticky":false,"template":"","format":"standard","meta":{"_monsterinsights_skip_tracking":false,"_monsterinsights_sitenote_active":false,"_monsterinsights_sitenote_note":"","_monsterinsights_sitenote_category":0,"footnotes":""},"categories":[4,5],"tags":[27,241,19,2397],"class_list":["post-5885","post","type-post","status-publish","format-standard","has-post-thumbnail","hentry","category-politica","category-sociedad","tag-desarrollo-social","tag-kravetz","tag-lanus","tag-operativos-personas-en-situacon-de-calle"],"_links":{"self":[{"href":"https:\/\/www.visionweb.com.ar\/index.php?rest_route=\/wp\/v2\/posts\/5885","targetHints":{"allow":["GET"]}}],"collection":[{"href":"https:\/\/www.visionweb.com.ar\/index.php?rest_route=\/wp\/v2\/posts"}],"about":[{"href":"https:\/\/www.visionweb.com.ar\/index.php?rest_route=\/wp\/v2\/types\/post"}],"author":[{"embeddable":true,"href":"https:\/\/www.visionweb.com.ar\/index.php?rest_route=\/wp\/v2\/users\/4"}],"replies":[{"embeddable":true,"href":"https:\/\/www.visionweb.com.ar\/index.php?rest_route=%2Fwp%2Fv2%2Fcomments&post=5885"}],"version-history":[{"count":2,"href":"https:\/\/www.visionweb.com.ar\/index.php?rest_route=\/wp\/v2\/posts\/5885\/revisions"}],"predecessor-version":[{"id":5889,"href":"https:\/\/www.visionweb.com.ar\/index.php?rest_route=\/wp\/v2\/posts\/5885\/revisions\/5889"}],"wp:featuredmedia":[{"embeddable":true,"href":"https:\/\/www.visionweb.com.ar\/index.php?rest_route=\/wp\/v2\/media\/5888"}],"wp:attachment":[{"href":"https:\/\/www.visionweb.com.ar\/index.php?rest_route=%2Fwp%2Fv2%2Fmedia&parent=5885"}],"wp:term":[{"taxonomy":"category","embeddable":true,"href":"https:\/\/www.visionweb.com.ar\/index.php?rest_route=%2Fwp%2Fv2%2Fcategories&post=5885"},{"taxonomy":"post_tag","embeddable":true,"href":"https:\/\/www.visionweb.com.ar\/index.php?rest_route=%2Fwp%2Fv2%2Ftags&post=5885"}],"curies":[{"name":"wp","href":"https:\/\/api.w.org\/{rel}","templated":true}]}}