{"id":5880,"date":"2022-05-31T12:49:58","date_gmt":"2022-05-31T15:49:58","guid":{"rendered":"https:\/\/www.visionweb.com.ar\/?p=5880"},"modified":"2022-05-31T12:49:58","modified_gmt":"2022-05-31T15:49:58","slug":"los-trenes-de-larga-distancia-volveran-a-transportar-autos-particulares","status":"publish","type":"post","link":"https:\/\/www.visionweb.com.ar\/?p=5880","title":{"rendered":"Los trenes de larga distancia volver\u00e1n a transportar autos particulares"},"content":{"rendered":"<p><em><strong>Los trenes brindar\u00e1n nuevamente la posibilidad de llevar su veh\u00edculo en las bandejas movileras de los trenes.<\/strong><\/em><!--more--><\/p>\n<p><strong><img loading=\"lazy\" decoding=\"async\" class=\"size-full wp-image-5882 aligncenter\" src=\"https:\/\/www.visionweb.com.ar\/wp-content\/uploads\/2022\/05\/trenes-llevaran-autos.bmp\" alt=\"\" width=\"570\" height=\"402\" \/>T<\/strong>renes Argentinos anunci\u00f3 que pr\u00f3ximamente los trenes de larga distancia ser\u00e1n habilitados para trasladar veh\u00edculos en los servicios que hacen el recorrido hacia Mar del Plata, Pinamar, Tucum\u00e1n, C\u00f3rdoba, Jun\u00edn, Rufino, Rosario, Bragado y Bah\u00eda Blanca.<\/p>\n<p>En ese sentido, el presidente de Trenes Argentinos Mart\u00edn Marinucci, cont\u00f3 todos los detalles de las obras que se est\u00e1n realizando para reincorporar este demandado servicio en los viajes de larga distancia.<\/p>\n<p>A trav\u00e9s del Twitter @TrenesArg, Marinucci mostr\u00f3 los talleres de Materfer, en C\u00f3rdoba, donde se est\u00e1n poniendo a punto las bandejas movileras donde se podr\u00e1n trasladar los veh\u00edculos en el tren.<\/p>\n<p>\u201cHoy estamos recorriendo una de las ya finalizadas, de las cuatro que estamos interviniendo en servicios de larga distancia y de esta manera darle la posibilidad al usuario, a la usuaria que quiera viajar en tren por el confort, la comodidad, la calidez del personal ferroviario, pero a la vez llevar su veh\u00edculo para seguir su viaje tur\u00edstico o la visita a sus familiares\u201d, explic\u00f3 el presidente de Trenes Argentinos.<\/p>\n<p><a href=\"https:\/\/www.visionweb.com.ar\/wp-content\/uploads\/2022\/05\/tren-con-autos.bmp\"><img loading=\"lazy\" decoding=\"async\" class=\"size-full wp-image-5883 aligncenter\" src=\"https:\/\/www.visionweb.com.ar\/wp-content\/uploads\/2022\/05\/tren-con-autos.bmp\" alt=\"\" width=\"642\" height=\"367\" \/><\/a>A la vez, el organismo estatal detall\u00f3 que los trabajos est\u00e1n focalizados en \u201cla colocaci\u00f3n de sistema de frenos y protecciones para evitar golpes, el reemplazo de paragolpes y la adaptaci\u00f3n de las rampas para que puedan operar en todas las estaciones\u201d.<\/p>\n<p>\u201cEstamos trabajando para que puedas llevar tu auto en los trenes de larga distancia. Las tareas se realizan en los talleres de Materfer, en C\u00f3rdoba, donde se est\u00e1n poniendo a punto cuatro unidades para el traslado de veh\u00edculos\u201d, informaron.<\/p>\n<p>Los servicios que tendr\u00e1n este beneficio ser\u00e1n los del recorrido desde y hacia Mar del Plata, Pinamar, Tucum\u00e1n, C\u00f3rdoba, Jun\u00edn, Rufino, Rosario, Bragado y Bah\u00eda Blanca. <strong>(VW)<\/strong><\/p>\n<p>&nbsp;<\/p>\n","protected":false},"excerpt":{"rendered":"<p>Los trenes brindar\u00e1n nuevamente la posibilidad de llevar su veh\u00edculo en las bandejas movileras de los trenes.<\/p>\n","protected":false},"author":4,"featured_media":5883,"comment_status":"closed","ping_status":"closed","sticky":false,"template":"","format":"standard","meta":{"_monsterinsights_skip_tracking":false,"_monsterinsights_sitenote_active":false,"_monsterinsights_sitenote_note":"","_monsterinsights_sitenote_category":0,"footnotes":""},"categories":[8],"tags":[2396,1669,2395,90],"class_list":["post-5880","post","type-post","status-publish","format-standard","has-post-thumbnail","hentry","category-interes-general","tag-lsrga-distancia","tag-marinucci","tag-transportaan-autos","tag-trenes"],"_links":{"self":[{"href":"https:\/\/www.visionweb.com.ar\/index.php?rest_route=\/wp\/v2\/posts\/5880","targetHints":{"allow":["GET"]}}],"collection":[{"href":"https:\/\/www.visionweb.com.ar\/index.php?rest_route=\/wp\/v2\/posts"}],"about":[{"href":"https:\/\/www.visionweb.com.ar\/index.php?rest_route=\/wp\/v2\/types\/post"}],"author":[{"embeddable":true,"href":"https:\/\/www.visionweb.com.ar\/index.php?rest_route=\/wp\/v2\/users\/4"}],"replies":[{"embeddable":true,"href":"https:\/\/www.visionweb.com.ar\/index.php?rest_route=%2Fwp%2Fv2%2Fcomments&post=5880"}],"version-history":[{"count":2,"href":"https:\/\/www.visionweb.com.ar\/index.php?rest_route=\/wp\/v2\/posts\/5880\/revisions"}],"predecessor-version":[{"id":5884,"href":"https:\/\/www.visionweb.com.ar\/index.php?rest_route=\/wp\/v2\/posts\/5880\/revisions\/5884"}],"wp:featuredmedia":[{"embeddable":true,"href":"https:\/\/www.visionweb.com.ar\/index.php?rest_route=\/wp\/v2\/media\/5883"}],"wp:attachment":[{"href":"https:\/\/www.visionweb.com.ar\/index.php?rest_route=%2Fwp%2Fv2%2Fmedia&parent=5880"}],"wp:term":[{"taxonomy":"category","embeddable":true,"href":"https:\/\/www.visionweb.com.ar\/index.php?rest_route=%2Fwp%2Fv2%2Fcategories&post=5880"},{"taxonomy":"post_tag","embeddable":true,"href":"https:\/\/www.visionweb.com.ar\/index.php?rest_route=%2Fwp%2Fv2%2Ftags&post=5880"}],"curies":[{"name":"wp","href":"https:\/\/api.w.org\/{rel}","templated":true}]}}