{"id":5852,"date":"2022-05-30T11:47:21","date_gmt":"2022-05-30T14:47:21","guid":{"rendered":"https:\/\/www.visionweb.com.ar\/?p=5852"},"modified":"2022-05-30T11:47:21","modified_gmt":"2022-05-30T14:47:21","slug":"el-miercoles-arrancan-los-aumentos-de-luz-y-gas","status":"publish","type":"post","link":"https:\/\/www.visionweb.com.ar\/?p=5852","title":{"rendered":"El mi\u00e9rcoles arrancan los aumentos de luz y gas"},"content":{"rendered":"<p><em><strong>Los nuevos cuadros tarifarios ser\u00e1n inferiores a la variaci\u00f3n salarial. Los aumentos promedios ser\u00e1n para la luz del 15% y hasta el 25% para el gas.<\/strong><\/em>\u00a0 <!--more--><\/p>\n<p>&nbsp;<\/p>\n<div id=\"attachment_5853\" style=\"width: 310px\" class=\"wp-caption alignright\"><img loading=\"lazy\" decoding=\"async\" aria-describedby=\"caption-attachment-5853\" class=\"size-medium wp-image-5853\" src=\"https:\/\/www.visionweb.com.ar\/wp-content\/uploads\/2022\/05\/tarifas-gas-300x225.jpg\" alt=\"\" width=\"300\" height=\"225\" srcset=\"https:\/\/www.visionweb.com.ar\/wp-content\/uploads\/2022\/05\/tarifas-gas-300x225.jpg 300w, https:\/\/www.visionweb.com.ar\/wp-content\/uploads\/2022\/05\/tarifas-gas-768x576.jpg 768w, https:\/\/www.visionweb.com.ar\/wp-content\/uploads\/2022\/05\/tarifas-gas-320x240.jpg 320w, https:\/\/www.visionweb.com.ar\/wp-content\/uploads\/2022\/05\/tarifas-gas.jpg 1024w\" sizes=\"auto, (max-width: 300px) 100vw, 300px\" \/><p id=\"caption-attachment-5853\" class=\"wp-caption-text\"><em><strong>Las tarifas de gas se ubicar\u00edan 25% de aumento (Foto: VW)<\/strong><\/em><\/p><\/div>\n<p>de aumento\u00a0 \u00a0 <strong>C<\/strong>on la publicaci\u00f3n de las Resoluciones 403 y 405 en el Bolet\u00edn Oficial,\u00a0 ya fueron autorizados los aumentos de las tarifas para luz y gas que regir\u00e1n a partir del 1 de junio.<\/p>\n<p>De acuerdo con la informaci\u00f3n confirmada por la secretario de Energ\u00eda, las subas promedian el 16% para la luz y de hasta 25% para el gas.<\/p>\n<p>En ese sentido, se est\u00e1n ultimando los detalles para aplicar la segmentaci\u00f3n para que los usuarios de m\u00e1s ingresos paguen sin subsidios. Lo cierto es que la segmentaci\u00f3n no fue anunciada al mismo momentos que los incrementos.<\/p>\n<p>Seg\u00fan se pudo saber, la segmentaci\u00f3n con o sin subsidios y, en funci\u00f3n de los ajustes por segmento social, no se aplicar\u00eda.<\/p>\n<p>Se estima que hasta el momento, el Estado subsidia poco m\u00e1s del 80% de la tarifa, en el caso de la luz, y en el orden del 75% para el gas. La baja de subsidios es uno de los puntos clave del acuerdo con el FMI.<\/p>\n<p>El Enargas, (Ente Nacional Regulador del Gas; y el ENRE, el Ente Nacional Regulador de la Electricidad), publicaron los cuadros tarifarios con el detalle de los aumentos para todas las distribuidoras del pa\u00eds.<\/p>\n<p>Los dos entes est\u00e1n cargo de dos funcionarios que responden a Cristina Kirchner, quien no est\u00e1 de acuerdo con el esquema de subas que planific\u00f3 y ahora en anuncio corre por cuenta del ministro de Econom\u00eda, Mart\u00edn Guzm\u00e1n.<\/p>\n<p>Se trata de Federico Bernal, interventor del Enargas, y Federico Basualdo, ex tituar del ENRE y hoy subsecretario de Energ\u00eda El\u00e9ctrica, a quien Guzm\u00e1n intent\u00f3 echar son \u00e9xito hace un a\u00f1o.<\/p>\n<p><strong>Luz y gas<\/strong><\/p>\n<p>Para la luz, el incremento del PEST Residencial (el precio estacional de la energ\u00eda) ser\u00e1 del orden del 26%. Esto impactar\u00e1 en las facturas de usuarios tipo con consumo promedio en GBA en 16,53 por ciento.<\/p>\n<p>\u201cEn cada Provincia, el incremento en las facturas ser\u00e1 distinto, pero siempre inferior porcentualmente al que se registre en GBA\u201d, se explic\u00f3.\u00a0En tanto que, la tarifa social el\u00e9ctrica tendr\u00e1 un incremento en GBA del 7,7% promedio.<\/p>\n<p>Para el caso del gas, \u201cel PIST aumentar\u00e1 entre un 41.7% y un 46.3%. Eso significar\u00e1 un aumento en factura promedio para usuario tipo con consumo promedio de entre 18,55% y el 25%\u201d, prometieron las autoridades. En este caso, la tarifa social no subir\u00e1.<\/p>\n<p>En el caso de los comercios, los usuarios no residenciales, la suba ser\u00e1 en promedio del 36% porque el valor agregado de la distribuci\u00f3n tiene un peso m\u00e1s grande en las facturas; lo que cobran las empresas y no la energ\u00eda en s\u00ed. \u201cComo el peso de la energ\u00eda es m\u00e1s bajo se puede aumentar m\u00e1s teniendo el mismo impacto en la factura\u201d, destacaron desde Econom\u00eda.<\/p>\n<p>\u201cTanto en gas como en electricidad se cumplen estrictamente con las pautas que instruy\u00f3 el Ministro y el Presidente: que las correcciones tarifarias sean inferiores a la variaci\u00f3n de los Ingresos de la gente. En este caso, y concretamente, quienes tienen Tarifa Social tendr\u00e1n en sus Facturas incrementos totales anuales INFERIORES al 21.6% (equivalente al 40% de la variaci\u00f3n del CVS 2021)\u201d, dijo el Gobierno.<\/p>\n<p>En el caso del gas, en los considerandos de la Resoluci\u00f3n el Gobierno habl\u00f3 del contexto externo para explicar la suba. \u201cCorresponde poner de relieve el incremento significativo y generalizado de los precios internacionales de los \u2018commodities\u2019 energ\u00e9ticos, generado por el incremento de la demanda internacional determinado por el crecimiento de la actividad econ\u00f3mica post pandemia, detallaron<strong>(VW)<\/strong>.<\/p>\n<p>&nbsp;<\/p>\n","protected":false},"excerpt":{"rendered":"<p>Los nuevos cuadros tarifarios ser\u00e1n inferiores a la variaci\u00f3n salarial. Los aumentos promedios ser\u00e1n para la luz del 15% y hasta el 25% para el gas.\u00a0<\/p>\n","protected":false},"author":3,"featured_media":5853,"comment_status":"closed","ping_status":"closed","sticky":false,"template":"","format":"standard","meta":{"_monsterinsights_skip_tracking":false,"_monsterinsights_sitenote_active":false,"_monsterinsights_sitenote_note":"","_monsterinsights_sitenote_category":0,"footnotes":""},"categories":[3,6],"tags":[141,195,1826,2376],"class_list":["post-5852","post","type-post","status-publish","format-standard","has-post-thumbnail","hentry","category-actualidad","category-economia","tag-aumentos","tag-energia","tag-gas","tag-luz"],"_links":{"self":[{"href":"https:\/\/www.visionweb.com.ar\/index.php?rest_route=\/wp\/v2\/posts\/5852","targetHints":{"allow":["GET"]}}],"collection":[{"href":"https:\/\/www.visionweb.com.ar\/index.php?rest_route=\/wp\/v2\/posts"}],"about":[{"href":"https:\/\/www.visionweb.com.ar\/index.php?rest_route=\/wp\/v2\/types\/post"}],"author":[{"embeddable":true,"href":"https:\/\/www.visionweb.com.ar\/index.php?rest_route=\/wp\/v2\/users\/3"}],"replies":[{"embeddable":true,"href":"https:\/\/www.visionweb.com.ar\/index.php?rest_route=%2Fwp%2Fv2%2Fcomments&post=5852"}],"version-history":[{"count":1,"href":"https:\/\/www.visionweb.com.ar\/index.php?rest_route=\/wp\/v2\/posts\/5852\/revisions"}],"predecessor-version":[{"id":5854,"href":"https:\/\/www.visionweb.com.ar\/index.php?rest_route=\/wp\/v2\/posts\/5852\/revisions\/5854"}],"wp:featuredmedia":[{"embeddable":true,"href":"https:\/\/www.visionweb.com.ar\/index.php?rest_route=\/wp\/v2\/media\/5853"}],"wp:attachment":[{"href":"https:\/\/www.visionweb.com.ar\/index.php?rest_route=%2Fwp%2Fv2%2Fmedia&parent=5852"}],"wp:term":[{"taxonomy":"category","embeddable":true,"href":"https:\/\/www.visionweb.com.ar\/index.php?rest_route=%2Fwp%2Fv2%2Fcategories&post=5852"},{"taxonomy":"post_tag","embeddable":true,"href":"https:\/\/www.visionweb.com.ar\/index.php?rest_route=%2Fwp%2Fv2%2Ftags&post=5852"}],"curies":[{"name":"wp","href":"https:\/\/api.w.org\/{rel}","templated":true}]}}