{"id":5844,"date":"2022-05-27T17:12:25","date_gmt":"2022-05-27T20:12:25","guid":{"rendered":"https:\/\/www.visionweb.com.ar\/?p=5844"},"modified":"2022-05-27T17:12:25","modified_gmt":"2022-05-27T20:12:25","slug":"ganancias-confirmaron-el-nuevo-piso-que-sera-de-280-792","status":"publish","type":"post","link":"https:\/\/www.visionweb.com.ar\/?p=5844","title":{"rendered":"Ganancias: Confirmaron el nuevo piso que ser\u00e1 de $280.792"},"content":{"rendered":"<p><em><strong>Con la medida alrededor de 400 mil personas no deber\u00e1n abonar el impuesto. El decreto saldr\u00e1 la semana pr\u00f3xima\u00a0y entrar\u00e1 en vigencia en el mes de junio.<\/strong><\/em><!--more--><\/p>\n<div id=\"attachment_5846\" style=\"width: 640px\" class=\"wp-caption aligncenter\"><img loading=\"lazy\" decoding=\"async\" aria-describedby=\"caption-attachment-5846\" class=\"wp-image-5846 size-full\" src=\"https:\/\/www.visionweb.com.ar\/wp-content\/uploads\/2022\/05\/ganancias-foto-presidencia.bmp\" alt=\"\" width=\"630\" height=\"355\" \/><p id=\"caption-attachment-5846\" class=\"wp-caption-text\">\u00abPara el Gobierno del anuncio formal de la medida es la foto de la reuni\u00f3n en la Casa de Gobierno\u00bb . (Imagen: presidencia)<\/p><\/div>\n<p><strong>T<\/strong>ras una reuni\u00f3n con el Presidente, Mart\u00edn Guzm\u00e1n, Sergio Massa y referentes de la CGT, anunciaron que el nuevo piso del impuesto a las Ganancias que deja exento del tributo a los trabajadores ser\u00e1 de $280.792, y entrar\u00e1 en vigencia en el mes de junio, por lo cual el medio aguinaldo no tributar\u00e1 el impuesto.<\/p>\n<p><strong>\u00a0<\/strong>El c\u00e1lculo elaborado en el Palacio de Hacienda por el equipo del ministro Guzm\u00e1n\u00a0se bas\u00f3 en la evoluci\u00f3n de la\u00a0remuneraci\u00f3n promedio sujeta a aportes del Sistema Integrado Previsional Argentino (SIPA), El aumento del \u00abpiso\u00bb es del 24,27% ( subi\u00f3 de $ 225.937 a $ 280.792).<\/p>\n<p>Todav\u00eda resta esperar la aclaraci\u00f3n de los montos retenidos por Ganancias de enero a mayo\u00a0correspondientes al medio aguinaldo, si quedar\u00e1n como un valor a cuenta<strong>\u00a0<\/strong>y en la liquidaci\u00f3n final del a\u00f1o se contemplar\u00e1n, o<strong>\u00a0<\/strong>lo reintegrar\u00e1n con el pago de los sueldos de junio.<\/p>\n<p>La actualizaci\u00f3n del Presupuesto 2022 y la suba del piso de ganancias pas\u00f3 a ser prioridad n\u00famero uno del Gobierno en las \u00faltimas horas.<\/p>\n<p>Massa indic\u00f3 que: \u00abestamos adelantando para junio lo que correspond\u00eda aplicar en septiembre\u00bb, y se\u00f1al\u00f3 que: \u00abLa decisi\u00f3n del Presidente es que la semana que viene terminan de cerrar dos paritarias que faltan y ah\u00ed quedar\u00e1 consolidado lo que se llama Ripte (Remuneraci\u00f3n Imponible Promedio de los Trabajadores Estables)\u00bb,\u00a0 y aclar\u00f3 que \u00abuna vez que est\u00e1 consolidado el Ripte, sale el decreto que excluye al aguinaldo respecto del pago de Ganancias\u00bb. <strong>(VW)<\/strong><\/p>\n","protected":false},"excerpt":{"rendered":"<p>Con la medida alrededor de 400 mil personas no deber\u00e1n abonar el impuesto. El decreto saldr\u00e1 la semana pr\u00f3xima\u00a0y entrar\u00e1 en vigencia en el mes de junio.<\/p>\n","protected":false},"author":4,"featured_media":5846,"comment_status":"closed","ping_status":"closed","sticky":false,"template":"","format":"standard","meta":{"_monsterinsights_skip_tracking":false,"_monsterinsights_sitenote_active":false,"_monsterinsights_sitenote_note":"","_monsterinsights_sitenote_category":0,"footnotes":""},"categories":[6],"tags":[2371,2372,2341,65,869],"class_list":["post-5844","post","type-post","status-publish","format-standard","has-post-thumbnail","hentry","category-economia","tag-aumento-del-piso","tag-eximidos","tag-ganancias","tag-guzman","tag-massa"],"_links":{"self":[{"href":"https:\/\/www.visionweb.com.ar\/index.php?rest_route=\/wp\/v2\/posts\/5844","targetHints":{"allow":["GET"]}}],"collection":[{"href":"https:\/\/www.visionweb.com.ar\/index.php?rest_route=\/wp\/v2\/posts"}],"about":[{"href":"https:\/\/www.visionweb.com.ar\/index.php?rest_route=\/wp\/v2\/types\/post"}],"author":[{"embeddable":true,"href":"https:\/\/www.visionweb.com.ar\/index.php?rest_route=\/wp\/v2\/users\/4"}],"replies":[{"embeddable":true,"href":"https:\/\/www.visionweb.com.ar\/index.php?rest_route=%2Fwp%2Fv2%2Fcomments&post=5844"}],"version-history":[{"count":2,"href":"https:\/\/www.visionweb.com.ar\/index.php?rest_route=\/wp\/v2\/posts\/5844\/revisions"}],"predecessor-version":[{"id":5847,"href":"https:\/\/www.visionweb.com.ar\/index.php?rest_route=\/wp\/v2\/posts\/5844\/revisions\/5847"}],"wp:featuredmedia":[{"embeddable":true,"href":"https:\/\/www.visionweb.com.ar\/index.php?rest_route=\/wp\/v2\/media\/5846"}],"wp:attachment":[{"href":"https:\/\/www.visionweb.com.ar\/index.php?rest_route=%2Fwp%2Fv2%2Fmedia&parent=5844"}],"wp:term":[{"taxonomy":"category","embeddable":true,"href":"https:\/\/www.visionweb.com.ar\/index.php?rest_route=%2Fwp%2Fv2%2Fcategories&post=5844"},{"taxonomy":"post_tag","embeddable":true,"href":"https:\/\/www.visionweb.com.ar\/index.php?rest_route=%2Fwp%2Fv2%2Ftags&post=5844"}],"curies":[{"name":"wp","href":"https:\/\/api.w.org\/{rel}","templated":true}]}}