{"id":5834,"date":"2022-05-26T15:16:05","date_gmt":"2022-05-26T18:16:05","guid":{"rendered":"https:\/\/www.visionweb.com.ar\/?p=5834"},"modified":"2022-05-26T15:16:05","modified_gmt":"2022-05-26T18:16:05","slug":"masiva-marcha-de-organizaciones-sociales-en-el-pais","status":"publish","type":"post","link":"https:\/\/www.visionweb.com.ar\/?p=5834","title":{"rendered":"Masiva marcha de organizaciones sociales en el pa\u00eds"},"content":{"rendered":"<p><em><strong>Las protestas son a\u00a0nivel nacional\u00a0y se extender\u00e1n hasta el d\u00eda de ma\u00f1ana viernes. Reclaman que 4 millones de solicitudes fueron rechazadas para el IFE 4, a la vez que cuestionan los aumentos de precios de la canasta de alimentos.<\/strong><\/em><!--more--><\/p>\n<p><strong>\u00a0 \u00a0 \u00a0 \u00a0 \u00a0 <img loading=\"lazy\" decoding=\"async\" class=\"size-full wp-image-5836 aligncenter\" src=\"https:\/\/www.visionweb.com.ar\/wp-content\/uploads\/2022\/05\/marcha-26-mayo22.bmp\" alt=\"\" width=\"608\" height=\"298\" \/>\u00a0 \u00a0 \u00a0 \u00a0\u00a0<\/strong><strong style=\"line-height: 1.5;\">\u00a0M<\/strong><span style=\"line-height: 1.5;\">ovimientos sociales de izquierda se movilizan en una<\/span><strong style=\"line-height: 1.5;\">\u00a0<\/strong>jornada nacional de protestas<span style=\"line-height: 1.5;\"> en la avenida 9 de Julio, donde concentraron para movilizarse y llevar sus reclamos a la ANSeS y la secretar\u00eda de Comercio. Tambi\u00e9n frente a algunas plantas productoras de alimentos, en rechazo a\u00a0<\/span>\u201clos abusivos aumentos de precios\u201d de los productos de la canasta familiar y \u201ccontra la inflaci\u00f3n\u201d<span style=\"line-height: 1.5;\">.<\/span><\/p>\n<p>En este marco, las<strong>\u00a0<\/strong>organizaciones piqueteras marchan a las oficinas de la ANSeS<strong>\u00a0<\/strong>en las principales ciudades del pa\u00eds para protestar contra la decisi\u00f3n del Gobierno de rechazar 4 millones de solicitudes para el cobro del bono de $ 18.000 (IFE 4).<\/p>\n<p>Los militantes\u00a0concentraron en horas de la ma\u00f1ana\u00a0en el cruce de las avenidas San Juan y 9 de julio, y marcharon hacia el Ministerio de Trabajo y luego a la sede de ANSES, en Paseo Col\u00f3n 239.<\/p>\n<p>La manifestaci\u00f3n es para volver a pedir por \u00abtrabajo genuino, seguro universal al desocupado, alimentos y libertad de organizaci\u00f3n\u00bb. De acuerdo a lo denunciado por los dirigentes del Polo Obrero, con el procedimiento dispuesto por el Gobierno para la inscripci\u00f3n del nuevo IFE se deja a millones de trabajadores afuera del beneficio.<\/p>\n<p>Desde la agrupaci\u00f3n\u00a0expresaron que el\u00a0Gobierno implementa\u00a0\u00abun engorroso mecanismo de inscripci\u00f3n virtual, para un sector vulnerable que muchas veces carece de recursos t\u00e9cnicos y econ\u00f3micos para acceder al mismo, como primer filtro, y luego utiliz\u00f3 el cruzamiento de datos para seguir reduciendo la lista de beneficiarios\u00bb.<\/p>\n<p>El bono, que se paga en dos cuotas, fue anunciado tras la protesta que el frente de la Unidad Piquetera llev\u00f3 adelante frente al Ministerio de Desarrollo Social y que incluy\u00f3 tres d\u00edas de acampe.<\/p>\n<p><strong>Contra el \u201cabusivo\u201d aumento de precios<\/strong>:<\/p>\n<p>A trav\u00e9s de un comunicado de prensa indicaron que: \u201cNos vamos a movilizar porque en la Argentina hay hambre y hay 20 empresas poderosas que son due\u00f1as de la comida de los argentinos\u201d, a la vez que agregaron que\u00a0\u201cen el pa\u00eds hay ganancias muy cuidadas, con precios descuidados\u201d.<\/p>\n<p>\u00abMientras unos pocos duplican\u00a0 sus ganancias, millones de familias pobres no llegamos a la canasta b\u00e1sica para sobrevivir\u00bb, expresaron las agrupaciones en un comunicado.<\/p>\n<p>El Movimiento Barrios de Pie-Libres del Sur y el denominado Frente de Lucha, conformado por el Frente de Organizaciones en Lucha (FOL), una facci\u00f3n del Frente Popular Dar\u00edo Santill\u00e1n (FPDS), el Movimiento de Trabajadores Desocupados (MTD) An\u00edbal Ver\u00f3n, junto a otras agrupaciones concentran y marchan<strong>\u00a0<\/strong>a la Secretar\u00eda de Comercio en\u00a0Presidente Julio A. Roca 651, para cuestionar la falta de controles por parte del organismo. La protesta se da d\u00edas despu\u00e9s de la renuncia de Roberto Feletti, que fue reemplazado por Guillermo Hang.<\/p>\n<p>Adem\u00e1s,\u00a0prometen ir a \u00aba las plantas productoras y distribuidoras de alimentos de todo el pa\u00eds\u00bb, entre las que mencionan a La Seren\u00edsima, Arcor, AGD, Molinos, Bagley y Ledesma.\u00a0Los organizadores explicaron que por razones de \u00abseguridad\u00bb, no adelantaron los lugares hasta donde se movilizar\u00e1n.<\/p>\n<p>A la vez, el Polo Obrero\u00a0se presenta en la sede del Ministerio de Desarrollo Social de la Naci\u00f3n, para pedir ampliar planes sociales y que no se corte la asistencia alimentaria a los comedores y merenderos. <strong>(VW)<\/strong><\/p>\n<p>&nbsp;<\/p>\n","protected":false},"excerpt":{"rendered":"<p>Las protestas son a\u00a0nivel nacional\u00a0y se extender\u00e1n hasta el d\u00eda de ma\u00f1ana viernes. Reclaman que 4 millones de solicitudes fueron rechazadas para el IFE 4, a la vez que cuestionan los aumentos de precios&#46;&#46;&#46;<\/p>\n","protected":false},"author":4,"featured_media":5836,"comment_status":"closed","ping_status":"closed","sticky":false,"template":"","format":"standard","meta":{"_monsterinsights_skip_tracking":false,"_monsterinsights_sitenote_active":false,"_monsterinsights_sitenote_note":"","_monsterinsights_sitenote_category":0,"footnotes":""},"categories":[6,5],"tags":[2366,2367,2365,2290],"class_list":["post-5834","post","type-post","status-publish","format-standard","has-post-thumbnail","hentry","category-economia","category-sociedad","tag-aumento-de-precios","tag-ife-4","tag-marcha-piquetera","tag-movimientos-sociales"],"_links":{"self":[{"href":"https:\/\/www.visionweb.com.ar\/index.php?rest_route=\/wp\/v2\/posts\/5834","targetHints":{"allow":["GET"]}}],"collection":[{"href":"https:\/\/www.visionweb.com.ar\/index.php?rest_route=\/wp\/v2\/posts"}],"about":[{"href":"https:\/\/www.visionweb.com.ar\/index.php?rest_route=\/wp\/v2\/types\/post"}],"author":[{"embeddable":true,"href":"https:\/\/www.visionweb.com.ar\/index.php?rest_route=\/wp\/v2\/users\/4"}],"replies":[{"embeddable":true,"href":"https:\/\/www.visionweb.com.ar\/index.php?rest_route=%2Fwp%2Fv2%2Fcomments&post=5834"}],"version-history":[{"count":2,"href":"https:\/\/www.visionweb.com.ar\/index.php?rest_route=\/wp\/v2\/posts\/5834\/revisions"}],"predecessor-version":[{"id":5837,"href":"https:\/\/www.visionweb.com.ar\/index.php?rest_route=\/wp\/v2\/posts\/5834\/revisions\/5837"}],"wp:featuredmedia":[{"embeddable":true,"href":"https:\/\/www.visionweb.com.ar\/index.php?rest_route=\/wp\/v2\/media\/5836"}],"wp:attachment":[{"href":"https:\/\/www.visionweb.com.ar\/index.php?rest_route=%2Fwp%2Fv2%2Fmedia&parent=5834"}],"wp:term":[{"taxonomy":"category","embeddable":true,"href":"https:\/\/www.visionweb.com.ar\/index.php?rest_route=%2Fwp%2Fv2%2Fcategories&post=5834"},{"taxonomy":"post_tag","embeddable":true,"href":"https:\/\/www.visionweb.com.ar\/index.php?rest_route=%2Fwp%2Fv2%2Ftags&post=5834"}],"curies":[{"name":"wp","href":"https:\/\/api.w.org\/{rel}","templated":true}]}}