{"id":5829,"date":"2022-05-26T13:28:57","date_gmt":"2022-05-26T16:28:57","guid":{"rendered":"https:\/\/www.visionweb.com.ar\/?p=5829"},"modified":"2022-05-26T13:28:57","modified_gmt":"2022-05-26T16:28:57","slug":"provincia-la-legislatura-nombro-a-thea-como-presidente-del-tribunal-de-cuentas","status":"publish","type":"post","link":"https:\/\/www.visionweb.com.ar\/?p=5829","title":{"rendered":"Provincia: La Legislatura nombro a Thea como presidente del Tribunal de Cuentas"},"content":{"rendered":"<p><em><strong>Fue designado presidente del Tribunal de Cuentas\u00a0de la Provincia, un cargo vitalicio. Hubo acuerdos entre el oficialismo y la oposici\u00f3n, y \u00a0frente a estos movimientos, Joaqu\u00edn de la Torre renunci\u00f3 a la vicepresidencia II del Senado.<\/strong><\/em><!--more--><\/p>\n<p><strong><img loading=\"lazy\" decoding=\"async\" class=\"size-full wp-image-5831 aligncenter\" src=\"https:\/\/www.visionweb.com.ar\/wp-content\/uploads\/2022\/05\/federico-thea.bmp\" alt=\"\" width=\"464\" height=\"443\" \/>F<\/strong>ederico Thea fue designado presidente del Tribunal de Cuentas de la Provincia tras obtener la aprobaci\u00f3n de la Legislatura bonaerense, en una sesi\u00f3n en la que tambi\u00e9n se sancion\u00f3 la reforma a la normativa que regula el organismo. Ocurri\u00f3 luego de negociar un acuerdo sellado entre el oficialismo y la oposici\u00f3n, en cual se asignaron una serie de cargos para dirigentes de Juntos por el Cambio en el Banco Provincia.<\/p>\n<p>En una doble jornada, primero en la C\u00e1mara de Diputados y luego en el Senado, los legisladores respaldaron la modificaci\u00f3n de la ley que regula al organismo de contralor, imponi\u00e9ndose un nuevo r\u00e9gimen que jerarquiza el rol de los vocales.<\/p>\n<p>De esta manera, Axel Kicillof\u00a0logr\u00f3 ubicar a Federico Thea, como presidente del Tribunal de Cuentas de la Provincia de Buenos Aires, y la resultante de este acuerdo deriv\u00f3 en una crisis en la bancada opositora.<\/p>\n<p>Tal es as\u00ed, que Joaqu\u00edn de la Torre, de Juntos por el Cambio, y ex intendente de San Miguel, vot\u00f3 en contra del nombramiento de Thea y en disidencia con lo acordado por Juntos, renunci\u00f3 a su cargo de Vicepresidente Segundo de la C\u00e1mara de Senadores provincial.<\/p>\n<p>Todas estas negociaciones quedaron selladas en la sesi\u00f3n de la Legislatura bonaerense del martes 24, donde Juntos por el Cambio dio los votos necesarios en el Senado para que se apruebe la designaci\u00f3n, y se modific\u00f3 parte de la ley org\u00e1nica del ente que controla las cuentas de los municipios.<\/p>\n<p><a href=\"https:\/\/www.visionweb.com.ar\/wp-content\/uploads\/2022\/05\/joaquin-de-la-torre-facebook.bmp\"><img loading=\"lazy\" decoding=\"async\" class=\"size-full wp-image-5832 aligncenter\" src=\"https:\/\/www.visionweb.com.ar\/wp-content\/uploads\/2022\/05\/joaquin-de-la-torre-facebook.bmp\" alt=\"\" width=\"582\" height=\"417\" \/><\/a>M\u00e1s tarde, De la Torre daba m\u00e1s precisiones sobre los motivos de su dimisi\u00f3n: \u201cLa raz\u00f3n de mi renuncia es sencilla: no podemos entregarle al kirchnerismo el Tribunal de Cuentas de manera vitalicia a cambio de un par de cargos para Juntos. Esto es buscar privilegios a espaldas de la gente. As\u00ed, m\u00e1s que halcones o palomas parecemos pavos reales\u201d, se\u00f1al\u00f3 De la Torre en su cuenta de Twitter tras las sesiones que habilitaron el acuerdo.<\/p>\n<p>La idea de negociar con Kiciloff provino de la UCR, ya que Maximiliano Abad, legislador bonaerense y presidente del radicalismo bonaerense, present\u00f3 un proyecto para modificar el mecanismo de reemplazo para el presidente del Tribunal de Cuentas, la cantidad de vocales que deben dar su apoyo para designaciones internas, y habilitar al Tribunal a funcionar sin la presencia del presidente, permitiendo que haya qu\u00f3rum con s\u00f3lo tres vocales.<\/p>\n<p>A la vez, el proyecto de ley fue escrito por\u00a0Alex Campbell, legislador del PRO, y ni bien fue presentado empezaron las negociaciones para votar a favor de la reforma y designar a dirigentes de la UCR o el PRO en el Banco Provincia, a cambio de que Juntos por el Cambio apoye reemplazar con alguien del c\u00edrculo \u00edntimo de Kicillof, a\u00a0Eduardo Grinberg, quien renunci\u00f3 el a\u00f1o pasado tras haber estado en el cargo desde 1987.<\/p>\n<p>As\u00ed, Juntos por el Cambio consigui\u00f3 tres nombramientos en el directorio del Banco Provincia: se design\u00f3 a\u00a0Santiago Nardelli\u00a0(PRO de Bah\u00eda Blanca),\u00a0Carlos Fern\u00e1ndez\u00a0(Uni\u00f3n C\u00edvica Radical),\u00a0Bruno Screnci\u00a0(ex ministro de Gobierno porte\u00f1o.<\/p>\n<p>Por parte del oficialismo, a\u00a0Laura Gonz\u00e1lez (dirigente de Quilmes de La C\u00e1mpora, cercana a\u00a0Mayra Mendoza).<\/p>\n<p>Y la Coalici\u00f3n C\u00edvica ARI (CCA) volvi\u00f3 a marcar diferencias ya que vot\u00f3 en contra del nombramiento de Screnci, y se qued\u00f3 sin cargos.<\/p>\n<p><strong>Qu\u00e9 es y qu\u00e9 hace el Tribunal de Cuentas:<\/strong><\/p>\n<p>El jefe del tribunal es clave en la administraci\u00f3n p\u00fablica, \u00a0es de car\u00e1cter vitalicio y en el cargo, se controlan las cuentas de los 135 municipios de la provincia de Buenos Aires.<\/p>\n<p>Es quien investiga, audita y denuncia cualquier malversaci\u00f3n de fondos a cargo de los intendentes.<\/p>\n<p>Adem\u00e1s, accede a un puesto permanente en la Junta Electoral bonaerense, que decide sobre las candidaturas de los distintos partidos en la provincia. Los restantes son el presidente de la Corte bonaerense y tres presidentes de c\u00e1maras de apelaciones de La Plata.<\/p>\n<p>Cabe recordar, que el acuerdo no incluy\u00f3 los cambios en la ley que regula la caja de jubilaciones del Banco Provincia, un punto de discordia que gener\u00f3 d\u00edas atr\u00e1s, la salida de\u00a0N\u00e9stor Grindetti\u00a0de la mesa provincial de Juntos por el Cambio, al no poder avanzar con la modificaci\u00f3n del r\u00e9gimen. <strong>(VW)<\/strong><\/p>\n<p>&nbsp;<\/p>\n","protected":false},"excerpt":{"rendered":"<p>Fue designado presidente del Tribunal de Cuentas\u00a0de la Provincia, un cargo vitalicio. Hubo acuerdos entre el oficialismo y la oposici\u00f3n, y \u00a0frente a estos movimientos, Joaqu\u00edn de la Torre renunci\u00f3 a la vicepresidencia II&#46;&#46;&#46;<\/p>\n","protected":false},"author":4,"featured_media":5832,"comment_status":"closed","ping_status":"closed","sticky":false,"template":"","format":"standard","meta":{"_monsterinsights_skip_tracking":false,"_monsterinsights_sitenote_active":false,"_monsterinsights_sitenote_note":"","_monsterinsights_sitenote_category":0,"footnotes":""},"categories":[4],"tags":[2364,588,2363,2362],"class_list":["post-5829","post","type-post","status-publish","format-standard","has-post-thumbnail","hentry","category-politica","tag-joaquin-de-la-torre","tag-presidente","tag-thea","tag-tribunal-de-cuentas"],"_links":{"self":[{"href":"https:\/\/www.visionweb.com.ar\/index.php?rest_route=\/wp\/v2\/posts\/5829","targetHints":{"allow":["GET"]}}],"collection":[{"href":"https:\/\/www.visionweb.com.ar\/index.php?rest_route=\/wp\/v2\/posts"}],"about":[{"href":"https:\/\/www.visionweb.com.ar\/index.php?rest_route=\/wp\/v2\/types\/post"}],"author":[{"embeddable":true,"href":"https:\/\/www.visionweb.com.ar\/index.php?rest_route=\/wp\/v2\/users\/4"}],"replies":[{"embeddable":true,"href":"https:\/\/www.visionweb.com.ar\/index.php?rest_route=%2Fwp%2Fv2%2Fcomments&post=5829"}],"version-history":[{"count":2,"href":"https:\/\/www.visionweb.com.ar\/index.php?rest_route=\/wp\/v2\/posts\/5829\/revisions"}],"predecessor-version":[{"id":5833,"href":"https:\/\/www.visionweb.com.ar\/index.php?rest_route=\/wp\/v2\/posts\/5829\/revisions\/5833"}],"wp:featuredmedia":[{"embeddable":true,"href":"https:\/\/www.visionweb.com.ar\/index.php?rest_route=\/wp\/v2\/media\/5832"}],"wp:attachment":[{"href":"https:\/\/www.visionweb.com.ar\/index.php?rest_route=%2Fwp%2Fv2%2Fmedia&parent=5829"}],"wp:term":[{"taxonomy":"category","embeddable":true,"href":"https:\/\/www.visionweb.com.ar\/index.php?rest_route=%2Fwp%2Fv2%2Fcategories&post=5829"},{"taxonomy":"post_tag","embeddable":true,"href":"https:\/\/www.visionweb.com.ar\/index.php?rest_route=%2Fwp%2Fv2%2Ftags&post=5829"}],"curies":[{"name":"wp","href":"https:\/\/api.w.org\/{rel}","templated":true}]}}