{"id":5817,"date":"2022-05-26T10:56:43","date_gmt":"2022-05-26T13:56:43","guid":{"rendered":"https:\/\/www.visionweb.com.ar\/?p=5817"},"modified":"2022-05-26T10:59:00","modified_gmt":"2022-05-26T13:59:00","slug":"presidemte-peron-crean-la-primera-escuela-de-atletismo-infantil","status":"publish","type":"post","link":"https:\/\/www.visionweb.com.ar\/?p=5817","title":{"rendered":"Presidemte Per\u00f3n: Crean la primera escuela de atletismo infantil"},"content":{"rendered":"<div><em><strong>El proyecto municipal surgi\u00f3 ante la necesidad de propuestas para los m\u00e1s peque\u00f1os, que permiten m\u00faltiples beneficios para el desarrollo de las habilidades motrices b\u00e1sicas en cualquier disciplina deportiva<\/strong><\/em><\/div>\n<p><!--more--><\/p>\n<div>\n<p><strong><strong>\u00a0 \u00a0 <img loading=\"lazy\" decoding=\"async\" class=\"size-medium wp-image-5818 alignright\" src=\"https:\/\/www.visionweb.com.ar\/wp-content\/uploads\/2022\/05\/Escuela-de-Atletismso-300x189.png\" alt=\"\" width=\"300\" height=\"189\" srcset=\"https:\/\/www.visionweb.com.ar\/wp-content\/uploads\/2022\/05\/Escuela-de-Atletismso-300x189.png 300w, https:\/\/www.visionweb.com.ar\/wp-content\/uploads\/2022\/05\/Escuela-de-Atletismso-768x484.png 768w, https:\/\/www.visionweb.com.ar\/wp-content\/uploads\/2022\/05\/Escuela-de-Atletismso.png 800w\" sizes=\"auto, (max-width: 300px) 100vw, 300px\" \/>\u00a0<\/strong><\/strong><strong>P<\/strong>or primera vez en la vida institucional de Presidente Per\u00f3n, el Municipio, con recursos propios cre\u00f3 la primera Escuela de Atletismo Infantil que funcionar\u00e1 en el Polideportivo Municipal \u201cJorge Furriol\u201d.<\/p>\n<div class=\"mceTemp\"><\/div>\n<\/div>\n<div>La creaci\u00f3n de esta nueva escuela gratuita se enmarca en el D\u00eda Mundial del Atletismo que se conmemora todos los 14 de mayo desde 1996.<\/div>\n<div><\/div>\n<div>Para la inauguraci\u00f3n de la Escuela, se realiz\u00f3 una jornada con una jornada de actividades atl\u00e9ticas en el polideportivo, ubicado en Alberdi y Neuqu\u00e9n, Guernica Oeste.<\/div>\n<div><\/div>\n<div>Ese d\u00eda, ni\u00f1os y ni\u00f1as de 6 a 11 a\u00f1os protagonizaron una jornada hist\u00f3rica en nuestro distrito, donde se dio a conocer la puesta en funcionamiento de la nueva iniciativa deportiva ante otros municipios que participaron invitados de esta jornada al aire libre.<\/div>\n<div><\/div>\n<div>Este novedoso proyecto municipal surgi\u00f3 ante la necesidad de propuestas recreativas y deportivas para los m\u00e1s peque\u00f1os, que permiten m\u00faltiples beneficios como sentar bases para el desarrollo de las habilidades motrices b\u00e1sicas en cualquier disciplina deportiva (correr, saltar, lanzar).<\/div>\n<div><\/div>\n<div>Desde el inicio de la nueva gesti\u00f3n comunal, la intendente Blanca Cantero ampli\u00f3 la oferta deportiva municipal con la decisi\u00f3n pol\u00edtica de\u00a0 contratar a profesionales de la actividad f\u00edsica, el deporte y la recreaci\u00f3n saludable, lo que gener\u00f3 la creaci\u00f3n de nuevas escuelas municipales de deportes, extendiendo los rangos de edades, mayor cantidad de oportunidades y experiencias.<\/div>\n<div><\/div>\n<div>\n<div id=\"attachment_5819\" style=\"width: 310px\" class=\"wp-caption alignleft\"><img loading=\"lazy\" decoding=\"async\" aria-describedby=\"caption-attachment-5819\" class=\"wp-image-5819 size-medium\" src=\"https:\/\/www.visionweb.com.ar\/wp-content\/uploads\/2022\/05\/Escuela-de-Atletismo-dos-300x177.png\" alt=\"\" width=\"300\" height=\"177\" srcset=\"https:\/\/www.visionweb.com.ar\/wp-content\/uploads\/2022\/05\/Escuela-de-Atletismo-dos-300x177.png 300w, https:\/\/www.visionweb.com.ar\/wp-content\/uploads\/2022\/05\/Escuela-de-Atletismo-dos.png 642w\" sizes=\"auto, (max-width: 300px) 100vw, 300px\" \/><p id=\"caption-attachment-5819\" class=\"wp-caption-text\"><em><strong>Los chicos tiene la posibilidad de formarse en diversas disciplinas atl\u00e9ticas.<\/strong><\/em><\/p><\/div>\n<p>Las actividades desarrolladas el pasado s\u00e1bado estuvieron a cargo de los profesores \u00c9rica Bogado y Marcelo Casta\u00f1o y alumnos\/as de la Escuela Municipal de Atletismo de Presidente Per\u00f3n. Dijeron presente, las Escuelas de Avellaneda y Almirante Brown. Hubo premiaci\u00f3n, reconocimientos, refrigerios y colaciones para los m\u00e1s de 200 ni\u00f1os que participaron<strong>(VW)<\/strong>.<\/p>\n<\/div>\n","protected":false},"excerpt":{"rendered":"<p>El proyecto municipal surgi\u00f3 ante la necesidad de propuestas para los m\u00e1s peque\u00f1os, que permiten m\u00faltiples beneficios para el desarrollo de las habilidades motrices b\u00e1sicas en cualquier disciplina deportiva<\/p>\n","protected":false},"author":3,"featured_media":5818,"comment_status":"closed","ping_status":"closed","sticky":false,"template":"","format":"standard","meta":{"_monsterinsights_skip_tracking":false,"_monsterinsights_sitenote_active":false,"_monsterinsights_sitenote_note":"","_monsterinsights_sitenote_category":0,"footnotes":""},"categories":[5],"tags":[2356,2357],"class_list":["post-5817","post","type-post","status-publish","format-standard","has-post-thumbnail","hentry","category-sociedad","tag-actividades-deportivas","tag-ninos-y-ninas"],"_links":{"self":[{"href":"https:\/\/www.visionweb.com.ar\/index.php?rest_route=\/wp\/v2\/posts\/5817","targetHints":{"allow":["GET"]}}],"collection":[{"href":"https:\/\/www.visionweb.com.ar\/index.php?rest_route=\/wp\/v2\/posts"}],"about":[{"href":"https:\/\/www.visionweb.com.ar\/index.php?rest_route=\/wp\/v2\/types\/post"}],"author":[{"embeddable":true,"href":"https:\/\/www.visionweb.com.ar\/index.php?rest_route=\/wp\/v2\/users\/3"}],"replies":[{"embeddable":true,"href":"https:\/\/www.visionweb.com.ar\/index.php?rest_route=%2Fwp%2Fv2%2Fcomments&post=5817"}],"version-history":[{"count":3,"href":"https:\/\/www.visionweb.com.ar\/index.php?rest_route=\/wp\/v2\/posts\/5817\/revisions"}],"predecessor-version":[{"id":5822,"href":"https:\/\/www.visionweb.com.ar\/index.php?rest_route=\/wp\/v2\/posts\/5817\/revisions\/5822"}],"wp:featuredmedia":[{"embeddable":true,"href":"https:\/\/www.visionweb.com.ar\/index.php?rest_route=\/wp\/v2\/media\/5818"}],"wp:attachment":[{"href":"https:\/\/www.visionweb.com.ar\/index.php?rest_route=%2Fwp%2Fv2%2Fmedia&parent=5817"}],"wp:term":[{"taxonomy":"category","embeddable":true,"href":"https:\/\/www.visionweb.com.ar\/index.php?rest_route=%2Fwp%2Fv2%2Fcategories&post=5817"},{"taxonomy":"post_tag","embeddable":true,"href":"https:\/\/www.visionweb.com.ar\/index.php?rest_route=%2Fwp%2Fv2%2Ftags&post=5817"}],"curies":[{"name":"wp","href":"https:\/\/api.w.org\/{rel}","templated":true}]}}