{"id":5806,"date":"2022-05-25T11:15:47","date_gmt":"2022-05-25T14:15:47","guid":{"rendered":"https:\/\/www.visionweb.com.ar\/?p=5806"},"modified":"2022-05-25T11:15:47","modified_gmt":"2022-05-25T14:15:47","slug":"el-pro-lanzo-un-foro-de-legisladores-en-la-provincia","status":"publish","type":"post","link":"https:\/\/www.visionweb.com.ar\/?p=5806","title":{"rendered":"El PRO lanz\u00f3 un \u00abForo de Legisladores\u00bb en la Provincia"},"content":{"rendered":"<p><em><strong>Desde el espacio impulsar\u00e1n proyectos centrados en temas de necesidades actuales de la sociedad, como educaci\u00f3n, empleo, seguridad y salud.<\/strong><\/em><!--more--><\/p>\n<p><strong><img loading=\"lazy\" decoding=\"async\" class=\"size-medium wp-image-5808 alignright\" src=\"https:\/\/www.visionweb.com.ar\/wp-content\/uploads\/2022\/05\/Pro-lanza-foro-legislativo-prov-300x182.jpg\" alt=\"\" width=\"300\" height=\"182\" srcset=\"https:\/\/www.visionweb.com.ar\/wp-content\/uploads\/2022\/05\/Pro-lanza-foro-legislativo-prov-300x182.jpg 300w, https:\/\/www.visionweb.com.ar\/wp-content\/uploads\/2022\/05\/Pro-lanza-foro-legislativo-prov.jpg 633w\" sizes=\"auto, (max-width: 300px) 100vw, 300px\" \/>S<\/strong>enadores y diputados de la Provincia de Buenos Aires pusieron en marcha un foro de Legisladores del PRO con la finalidad de \u201cestablecer un esquema de trabajo legislativo y formular propuestas\u201d.<\/p>\n<p>\u201cLos bonaerenses nos necesitan juntos trabajando en proyectos para la generaci\u00f3n de trabajo, el fortalecimiento del sistema educativo, y de salud, y por m\u00e1s seguridad\u201d, indicaron en un comunicado desde la \u00a0fuerza Juntos por el Cambio (JxC),\u00a0conformada por la Coalici\u00f3n C\u00edvica junto al radicalismo.<\/p>\n<p>Sostuvieron que la tarea ser\u00e1 \u201cavanzar en la coordinaci\u00f3n de una agenda legislativa para llevar soluciones a los problemas reales de los bonaerenses y que sea base de una planificaci\u00f3n para volver a ser la provincia del crecimiento y el desarrollo\u201d.<\/p>\n<p>\u201cLa idea ser\u00e1 mantener encuentros semanales o quincenales, presentar proyectos comunes en la Legislatura e impulsar su sanci\u00f3n en ambas c\u00e1maras\u201d, subrayaron desde el Foro.<\/p>\n<p>La reuni\u00f3n, que se realiz\u00f3 el martes 24, fue encabezada por el presidente de la bancada de senadores de Juntos, Christian Gribaudo, junto con Alejandro Rabinovich, Aldana Ahumada, Nidia Moirano, Daniela Reich, Yamila Alonso, Walter Lanaro, Florencia Barcia, Owen Fern\u00e1ndez y Juan Pablo Allan.<\/p>\n<p>Participaron tambi\u00e9n, el diputado Alex Campbell, Florencia Retamoso, Fabi\u00e1n Perechodnik, Fernando Rovello, Mat\u00edas Ranzini, Johana Pannebianco, Matiniano Molina, Daniel Lipovetzky, Fernanda Antonijevic, Juan Carrara, Adri\u00e1n Urrelli, Anastasia Peralta Ramos, Paula Bustos, Eugenia Brizzi y Mar\u00eda Laura Ricchini. <strong>(VW)<\/strong><\/p>\n","protected":false},"excerpt":{"rendered":"<p>Desde el espacio impulsar\u00e1n proyectos centrados en temas de necesidades actuales de la sociedad, como educaci\u00f3n, empleo, seguridad y salud.<\/p>\n","protected":false},"author":4,"featured_media":5808,"comment_status":"closed","ping_status":"closed","sticky":false,"template":"","format":"standard","meta":{"_monsterinsights_skip_tracking":false,"_monsterinsights_sitenote_active":false,"_monsterinsights_sitenote_note":"","_monsterinsights_sitenote_category":0,"footnotes":""},"categories":[4],"tags":[2350,2349,545,356],"class_list":["post-5806","post","type-post","status-publish","format-standard","has-post-thumbnail","hentry","category-politica","tag-foro-legisladores","tag-juntos-po-el-cambio","tag-pro","tag-provincia"],"_links":{"self":[{"href":"https:\/\/www.visionweb.com.ar\/index.php?rest_route=\/wp\/v2\/posts\/5806","targetHints":{"allow":["GET"]}}],"collection":[{"href":"https:\/\/www.visionweb.com.ar\/index.php?rest_route=\/wp\/v2\/posts"}],"about":[{"href":"https:\/\/www.visionweb.com.ar\/index.php?rest_route=\/wp\/v2\/types\/post"}],"author":[{"embeddable":true,"href":"https:\/\/www.visionweb.com.ar\/index.php?rest_route=\/wp\/v2\/users\/4"}],"replies":[{"embeddable":true,"href":"https:\/\/www.visionweb.com.ar\/index.php?rest_route=%2Fwp%2Fv2%2Fcomments&post=5806"}],"version-history":[{"count":2,"href":"https:\/\/www.visionweb.com.ar\/index.php?rest_route=\/wp\/v2\/posts\/5806\/revisions"}],"predecessor-version":[{"id":5809,"href":"https:\/\/www.visionweb.com.ar\/index.php?rest_route=\/wp\/v2\/posts\/5806\/revisions\/5809"}],"wp:featuredmedia":[{"embeddable":true,"href":"https:\/\/www.visionweb.com.ar\/index.php?rest_route=\/wp\/v2\/media\/5808"}],"wp:attachment":[{"href":"https:\/\/www.visionweb.com.ar\/index.php?rest_route=%2Fwp%2Fv2%2Fmedia&parent=5806"}],"wp:term":[{"taxonomy":"category","embeddable":true,"href":"https:\/\/www.visionweb.com.ar\/index.php?rest_route=%2Fwp%2Fv2%2Fcategories&post=5806"},{"taxonomy":"post_tag","embeddable":true,"href":"https:\/\/www.visionweb.com.ar\/index.php?rest_route=%2Fwp%2Fv2%2Ftags&post=5806"}],"curies":[{"name":"wp","href":"https:\/\/api.w.org\/{rel}","templated":true}]}}