{"id":5789,"date":"2022-05-24T08:24:34","date_gmt":"2022-05-24T11:24:34","guid":{"rendered":"https:\/\/www.visionweb.com.ar\/?p=5789"},"modified":"2022-05-23T20:33:25","modified_gmt":"2022-05-23T23:33:25","slug":"juntos-por-el-cambio-pidio-que-el-estado-maneje-la-ayuda-social-sin-intermediarios","status":"publish","type":"post","link":"https:\/\/www.visionweb.com.ar\/?p=5789","title":{"rendered":"Juntos por el Cambio pidi\u00f3 que el Estado maneje la ayuda social \u00absin intermediarios\u00bb"},"content":{"rendered":"<p><em><strong>El Estado debe volver a tomar la direcci\u00f3n de la pol\u00edtica social de manera directa. Sin intermediaci\u00f3n, terminando el clientelismo pol\u00edtico y estando al servicio del desarrollo integral de cada persona<\/strong><\/em><!--more--><\/p>\n<p><strong> <img loading=\"lazy\" decoding=\"async\" class=\"size-medium wp-image-5790 alignright\" src=\"https:\/\/www.visionweb.com.ar\/wp-content\/uploads\/2022\/05\/JXC-EN-MATANZA-300x168.png\" alt=\"\" width=\"300\" height=\"168\" srcset=\"https:\/\/www.visionweb.com.ar\/wp-content\/uploads\/2022\/05\/JXC-EN-MATANZA-300x168.png 300w, https:\/\/www.visionweb.com.ar\/wp-content\/uploads\/2022\/05\/JXC-EN-MATANZA.png 640w\" sizes=\"auto, (max-width: 300px) 100vw, 300px\" \/> \u00a0 \u00a0 L<\/strong>a Mesa Nacional de Juntos por el Cambio se reuni\u00f3 este lunes en el partido bonaerense de La Matanza para debatir c\u00f3mo deber\u00eda ser el funcionamiento de la ayuda social en un eventual nuevo gobierno, en un encuentro donde hubo coincidencias en incrementar el rol del Estado en la distribuci\u00f3n de la asistencia social y disminuir el peso de las organizaciones sociales y de piqueteros<\/p>\n<p>Desde el punto de vista pol\u00edtico, el expresidente Mauricio Macri fue el gran ausente de la reuni\u00f3n, hecha en uno de los bastiones hist\u00f3ricos del peronismo.<\/p>\n<p>La ausencia de Macri fue interpretada como un intento por pacificar el espacio, luego de que el propio exmandatario alentara al PRO a recuperar su identidad original y por ende alejarse de las posturas que sostiene la Uni\u00f3n C\u00edvica Radical.<\/p>\n<p>A trav\u00e9s de un comunicado dado a conocer tras la reuni\u00f3n, desde Juntos por el Cambio se\u00f1alaron que \u00abla pobreza en nuestro pa\u00eds alcanza a 17,2 millones de personas (un 37% de la poblaci\u00f3n), de las cuales 3,8 millones est\u00e1n en situaci\u00f3n de indigencia (un 8%), afectando particularmente a m\u00e1s de 5,7 millones de ni\u00f1os y ni\u00f1as\u00bb.<\/p>\n<p>Agregaron que \u00abel gasto en promoci\u00f3n y asistencia social represent\u00f3 un 5,2% del gasto total y un 1,2% del PBI. Las principales l\u00edneas dentro de esta partida son el programa Potenciar Trabajo al que se destina un 40% del total, y las prestaciones alimentarias a las que se destinan un 37% del mismo\u00bb.<\/p>\n<p>El informe de la oposici\u00f3n destaca que \u00abla ejecuci\u00f3n de estas l\u00edneas presenta hoy dos grandes obst\u00e1culos en torno al objetivo de terminar con la pobreza: por un lado la implementaci\u00f3n de forma intermediada, particularmente para la l\u00ednea Potenciar Trabajo, y por otro, la superposici\u00f3n y dispersi\u00f3n de programas y competencias cuando se trata de transferencias alimentarias\u00bb.<\/p>\n<p>Por eso, concluy\u00f3 que \u00abel Estado debe volver a tomar la direcci\u00f3n de la pol\u00edtica social de manera directa. Sin intermediaci\u00f3n, terminando el clientelismo pol\u00edtico y estando al servicio del desarrollo integral de cada persona\u00bb.<\/p>\n<p>\u00abTiene que haber un redise\u00f1o de las pol\u00edticas sociales, que las universalice y que construya ciudadan\u00eda\u00bb, dijo al terminar la reuni\u00f3n el presidente de la UCR y gobernador de Jujuy, Gerardo Morales.<\/p>\n<p>El encuentro consisti\u00f3 en una puesta en com\u00fan de distintos informes sobre pol\u00edticas sociales que hab\u00edan elaborado las fundaciones que nuclean a los equipos t\u00e9cnicos de los cuatro partidos que conforman JxC: la UCR, el PRO, la Coalici\u00f3n C\u00edvica y el Peronismo Republicano <strong>(VW)<\/strong>.<\/p>\n","protected":false},"excerpt":{"rendered":"<p>El Estado debe volver a tomar la direcci\u00f3n de la pol\u00edtica social de manera directa. Sin intermediaci\u00f3n, terminando el clientelismo pol\u00edtico y estando al servicio del desarrollo integral de cada persona<\/p>\n","protected":false},"author":3,"featured_media":5790,"comment_status":"closed","ping_status":"closed","sticky":false,"template":"","format":"standard","meta":{"_monsterinsights_skip_tracking":false,"_monsterinsights_sitenote_active":false,"_monsterinsights_sitenote_note":"","_monsterinsights_sitenote_category":0,"footnotes":""},"categories":[1],"tags":[],"class_list":["post-5789","post","type-post","status-publish","format-standard","has-post-thumbnail","hentry","category-uncategorized"],"_links":{"self":[{"href":"https:\/\/www.visionweb.com.ar\/index.php?rest_route=\/wp\/v2\/posts\/5789","targetHints":{"allow":["GET"]}}],"collection":[{"href":"https:\/\/www.visionweb.com.ar\/index.php?rest_route=\/wp\/v2\/posts"}],"about":[{"href":"https:\/\/www.visionweb.com.ar\/index.php?rest_route=\/wp\/v2\/types\/post"}],"author":[{"embeddable":true,"href":"https:\/\/www.visionweb.com.ar\/index.php?rest_route=\/wp\/v2\/users\/3"}],"replies":[{"embeddable":true,"href":"https:\/\/www.visionweb.com.ar\/index.php?rest_route=%2Fwp%2Fv2%2Fcomments&post=5789"}],"version-history":[{"count":1,"href":"https:\/\/www.visionweb.com.ar\/index.php?rest_route=\/wp\/v2\/posts\/5789\/revisions"}],"predecessor-version":[{"id":5791,"href":"https:\/\/www.visionweb.com.ar\/index.php?rest_route=\/wp\/v2\/posts\/5789\/revisions\/5791"}],"wp:featuredmedia":[{"embeddable":true,"href":"https:\/\/www.visionweb.com.ar\/index.php?rest_route=\/wp\/v2\/media\/5790"}],"wp:attachment":[{"href":"https:\/\/www.visionweb.com.ar\/index.php?rest_route=%2Fwp%2Fv2%2Fmedia&parent=5789"}],"wp:term":[{"taxonomy":"category","embeddable":true,"href":"https:\/\/www.visionweb.com.ar\/index.php?rest_route=%2Fwp%2Fv2%2Fcategories&post=5789"},{"taxonomy":"post_tag","embeddable":true,"href":"https:\/\/www.visionweb.com.ar\/index.php?rest_route=%2Fwp%2Fv2%2Ftags&post=5789"}],"curies":[{"name":"wp","href":"https:\/\/api.w.org\/{rel}","templated":true}]}}