{"id":5776,"date":"2022-05-23T12:32:09","date_gmt":"2022-05-23T15:32:09","guid":{"rendered":"https:\/\/www.visionweb.com.ar\/?p=5776"},"modified":"2022-05-23T12:32:09","modified_gmt":"2022-05-23T15:32:09","slug":"fomentar-empleo-relanzan-programa-para-personas-sin-trabajo","status":"publish","type":"post","link":"https:\/\/www.visionweb.com.ar\/?p=5776","title":{"rendered":"Fomentar Empleo: Relanzan programa para personas sin trabajo"},"content":{"rendered":"<p><em><strong>Para acceder es necesario tener entre 18 y 64 a\u00f1os y estar desempleado durante un per\u00edodo de tres meses. Ofrecer\u00e1n servicios de orientaci\u00f3n y asistencia de b\u00fasqueda laboral. Habr\u00e1 incentivos para las empresas empleadoras.<\/strong><\/em><!--more--><\/p>\n<p><strong><img loading=\"lazy\" decoding=\"async\" class=\"size-full wp-image-5778 alignright\" src=\"https:\/\/www.visionweb.com.ar\/wp-content\/uploads\/2022\/05\/fomentar-empleo-moroni-beliz.jpg\" alt=\"\" width=\"276\" height=\"295\" \/>E<\/strong>l Gobierno nacional present\u00f3 el programa \u201cFomentar Empleo\u201d, dirigido a personas de 18 a 64 a\u00f1os que no cuenten con trabajo formal, y\u00a0alcanzar\u00eda a 600 mil beneficiarios que durante los \u00faltimos 3 meses no hayan tenido ocupaci\u00f3n laboral formal.<\/p>\n<p>La propuesta brindar\u00e1 a las personas \u201cel acceso a prestaciones que les permitan\u00a0mejorar sus competencias laborales, encarar un proceso de b\u00fasqueda activa de empleo e insertarse en empleos de calidad\u201d, indicaron fuentes oficiales.<\/p>\n<p>Asimismo ofrecer\u00e1n\u00a0cursos de formaci\u00f3n laboral avalados por el ministerio de Trabajo Empleo y Seguridad Social de la Naci\u00f3n.<\/p>\n<p>En ese sentido, el Ministro de Trabajo, Claudio Moroni, expres\u00f3 que: \u00abLa formaci\u00f3n es un requisito indispensable para que los nuevos puestos de trabajo sean cubiertos por gente que busca empleo\u00bb, en el lanzamiento del programa junto a su par de Educaci\u00f3n,<strong>\u00a0<\/strong>Jaime Perczyk, y el secretario de Asuntos Estrat\u00e9gicos de Presidencia,\u00a0Gustavo Beliz.<\/p>\n<p><img loading=\"lazy\" decoding=\"async\" class=\"size-medium wp-image-5779 alignleft\" src=\"https:\/\/www.visionweb.com.ar\/wp-content\/uploads\/2022\/05\/fomentar-empleo-1-300x122.jpg\" alt=\"\" width=\"300\" height=\"122\" srcset=\"https:\/\/www.visionweb.com.ar\/wp-content\/uploads\/2022\/05\/fomentar-empleo-1-300x122.jpg 300w, https:\/\/www.visionweb.com.ar\/wp-content\/uploads\/2022\/05\/fomentar-empleo-1.jpg 679w\" sizes=\"auto, (max-width: 300px) 100vw, 300px\" \/>Adem\u00e1s de los 600 mil beneficiarios, el programa busca influir sobre otras \u00e1reas, ya que capacitar\u00e1 a quienes trabajan en las agencias y oficinas de empleos de todo el pa\u00eds, por lo cual se estima que repercutir\u00e1 en alrededor de\u00a018 mil empresas y m\u00e1s de 400 municipios.<\/p>\n<p>El programa cuenta con \u00abun financiamiento de 250 millones de d\u00f3lares\u00bb aportados por Banco Mundial, e incluye\u00a0\u00abuna serie de incentivos\u00bb para las empresas\u00a0que empleen a personas en esas condiciones, como \u00absubsidios para el pago de salarios y disminuci\u00f3n de contribuciones patrimoniales\u00bb, detall\u00f3 Moroni.<\/p>\n<p>A tal efecto, la cartera laboral public\u00f3 en su cuenta Twitter: \u00abConoc\u00e9 m\u00e1s sobre los programas de empleo que tenemos registr\u00e1ndote en:\u00a0<a href=\"https:\/\/www.portalempleo.gob.ar\/\"><strong>http:\/\/portalempleo.gob.ar<\/strong><\/a>\u00ab.\u00a0 <strong>(VW)<\/strong><\/p>\n","protected":false},"excerpt":{"rendered":"<p>Para acceder es necesario tener entre 18 y 64 a\u00f1os y estar desempleado durante un per\u00edodo de tres meses. Ofrecer\u00e1n servicios de orientaci\u00f3n y asistencia de b\u00fasqueda laboral. Habr\u00e1 incentivos para las empresas empleadoras.<\/p>\n","protected":false},"author":4,"featured_media":5779,"comment_status":"closed","ping_status":"closed","sticky":false,"template":"","format":"standard","meta":{"_monsterinsights_skip_tracking":false,"_monsterinsights_sitenote_active":false,"_monsterinsights_sitenote_note":"","_monsterinsights_sitenote_category":0,"footnotes":""},"categories":[3,4],"tags":[2343,2344,242],"class_list":["post-5776","post","type-post","status-publish","format-standard","has-post-thumbnail","hentry","category-actualidad","category-politica","tag-fomentar-empleo","tag-ministro-moroni","tag-trabajo"],"_links":{"self":[{"href":"https:\/\/www.visionweb.com.ar\/index.php?rest_route=\/wp\/v2\/posts\/5776","targetHints":{"allow":["GET"]}}],"collection":[{"href":"https:\/\/www.visionweb.com.ar\/index.php?rest_route=\/wp\/v2\/posts"}],"about":[{"href":"https:\/\/www.visionweb.com.ar\/index.php?rest_route=\/wp\/v2\/types\/post"}],"author":[{"embeddable":true,"href":"https:\/\/www.visionweb.com.ar\/index.php?rest_route=\/wp\/v2\/users\/4"}],"replies":[{"embeddable":true,"href":"https:\/\/www.visionweb.com.ar\/index.php?rest_route=%2Fwp%2Fv2%2Fcomments&post=5776"}],"version-history":[{"count":2,"href":"https:\/\/www.visionweb.com.ar\/index.php?rest_route=\/wp\/v2\/posts\/5776\/revisions"}],"predecessor-version":[{"id":5780,"href":"https:\/\/www.visionweb.com.ar\/index.php?rest_route=\/wp\/v2\/posts\/5776\/revisions\/5780"}],"wp:featuredmedia":[{"embeddable":true,"href":"https:\/\/www.visionweb.com.ar\/index.php?rest_route=\/wp\/v2\/media\/5779"}],"wp:attachment":[{"href":"https:\/\/www.visionweb.com.ar\/index.php?rest_route=%2Fwp%2Fv2%2Fmedia&parent=5776"}],"wp:term":[{"taxonomy":"category","embeddable":true,"href":"https:\/\/www.visionweb.com.ar\/index.php?rest_route=%2Fwp%2Fv2%2Fcategories&post=5776"},{"taxonomy":"post_tag","embeddable":true,"href":"https:\/\/www.visionweb.com.ar\/index.php?rest_route=%2Fwp%2Fv2%2Ftags&post=5776"}],"curies":[{"name":"wp","href":"https:\/\/api.w.org\/{rel}","templated":true}]}}