{"id":5772,"date":"2022-05-23T11:36:54","date_gmt":"2022-05-23T14:36:54","guid":{"rendered":"https:\/\/www.visionweb.com.ar\/?p=5772"},"modified":"2022-05-23T11:36:54","modified_gmt":"2022-05-23T14:36:54","slug":"el-piso-de-ganancias-seria-ajustado-en-julio-luego-del-aguinaldo","status":"publish","type":"post","link":"https:\/\/www.visionweb.com.ar\/?p=5772","title":{"rendered":"El piso de Ganancias ser\u00eda ajustado en julio, luego del aguinaldo"},"content":{"rendered":"<p><em><strong>El Ministerio de Econom\u00eda avanza en una nueva actualizaci\u00f3n del impuesto a las Ganancias a partir de julio pr\u00f3ximo. Ser\u00e1 en funci\u00f3n de la inflaci\u00f3n y los movimientos en salarios.<\/strong><\/em><!--more--><\/p>\n<p><strong><img loading=\"lazy\" decoding=\"async\" class=\"size-full wp-image-5774 aligncenter\" src=\"https:\/\/www.visionweb.com.ar\/wp-content\/uploads\/2022\/05\/Dibujo-impuestos.bmp\" alt=\"\" width=\"516\" height=\"413\" \/>E<\/strong>l Ministerio de Econom\u00eda\u00a0a\u00fan no defini\u00f3 el nuevo tope en Ganancias que\u00a0comenzar\u00e1 a regir desde\u00a0julio, despu\u00e9s de la modificaci\u00f3n del Presupuesto, por lo cual<strong>\u00a0<\/strong>el aguinaldo o SAC ser\u00e1 parte del monto deducible en junio. Se tomar\u00eda en cuenta la \u00a0inflaci\u00f3n, y pasar\u00eda de $225.937 a $265.000 de remuneraci\u00f3n bruta.<\/p>\n<p>\u00abSe va actualizar el tope a partir del cual se paga Ganancias en funci\u00f3n de la inflaci\u00f3n y de la evoluci\u00f3n de los salarios, hoy tenemos buena parte de las paritarias cerradas, cuando utilicemos proyecciones\u00a0vamos a actualizar el impuesto utilizando tanto la inflaci\u00f3n como los salarios\u00bb, indicaron desde el gobierno.<\/p>\n<p>As\u00ed, el piso m\u00ednimo para pagar Ganancias\u00a0volver\u00e1 a ser ajustado a partir de julio, y el criterio para actualizar el monto vigente de $ 225.937 brutos ser\u00e1 la variaci\u00f3n de los salarios y los precios.<\/p>\n<p>D\u00edas atr\u00e1s, el titular de la C\u00e1mara de Diputados Sergio Massa, solicit\u00f3 por medio de una carta al ministro de Econom\u00eda, Mart\u00edn Guzm\u00e1n, adelantar seis meses el incremento previsto para enero del a\u00f1o pr\u00f3ximo, en virtud del anticipo de las paritarias y la aceleraci\u00f3n de la inflaci\u00f3n.<\/p>\n<p>En su carta, Massa explic\u00f3 que\u00a0el\u00a0\u00abesquema progresivo de alivio fiscal\u00bb\u00a0permiti\u00f3\u00a0en 2021\u00a0que 1,5 millones de trabajadores dejen de pagar\u00a0Ganancias:\u00a0aproximadamente en\u00a02020 alcanzaba a\u00a02,3 millones de empleados y el a\u00f1o pasado pasaron a ser 800.000. Pero\u00a0en los \u00faltimos meses ese piso empez\u00f3 a desactualizarse\u00a0por la renegociaci\u00f3n de salarios y la suba de los precios.<\/p>\n<p>En 2021, el Congreso subi\u00f3 por ley las deducciones para las remuneraciones de hasta $150.000 y habilit\u00f3 al Ejecutivo a modificarlo nuevamente por decreto. As\u00ed, en septiembre despu\u00e9s de la derrota en las elecciones, el Gobierno increment\u00f3 dicho monto a $175.000.<\/p>\n<p>En diciembre,\u00a0con la aprobaci\u00f3n de la Ley de Bienes Personales,\u00a0el Congreso volvi\u00f3 a facultar al Ejecutivo para incrementar este a\u00f1o las deducciones en Ganancias, pero sin precisar un criterio. Por ese motivo, el Ejecutivo cuenta con margen para definir en forma discrecional el tope de las remuneraciones que pagan el tributo.<\/p>\n<p>De concretarse en julio el\u00a0ajuste de Ganancias,<strong>\u00a0<\/strong>el piso actual regir\u00e1 para el segundo aguinaldo\u00a0del a\u00f1o, es decir que muchas personas m\u00e1s pagar\u00e1n ganancias ya que el aguinaldo o SAC ser\u00e1 parte del monto deducible en junio. Y los m\u00ednimos no imponibles que se hab\u00edan actualizado hace un a\u00f1o, ahora no se modificar\u00e1n, lo que implica que los que entraron en deducciones, seguir\u00e1n en la rueda. <strong>(VW)<\/strong><\/p>\n<p>&nbsp;<\/p>\n<p>&nbsp;<\/p>\n","protected":false},"excerpt":{"rendered":"<p>El Ministerio de Econom\u00eda avanza en una nueva actualizaci\u00f3n del impuesto a las Ganancias a partir de julio pr\u00f3ximo. Ser\u00e1 en funci\u00f3n de la inflaci\u00f3n y los movimientos en salarios.<\/p>\n","protected":false},"author":4,"featured_media":5774,"comment_status":"closed","ping_status":"closed","sticky":false,"template":"","format":"standard","meta":{"_monsterinsights_skip_tracking":false,"_monsterinsights_sitenote_active":false,"_monsterinsights_sitenote_note":"","_monsterinsights_sitenote_category":0,"footnotes":""},"categories":[6],"tags":[2342,2340,646,2341,869],"class_list":["post-5772","post","type-post","status-publish","format-standard","has-post-thumbnail","hentry","category-economia","tag-aguinaldo","tag-deducciones-ganancias","tag-economia","tag-ganancias","tag-massa"],"_links":{"self":[{"href":"https:\/\/www.visionweb.com.ar\/index.php?rest_route=\/wp\/v2\/posts\/5772","targetHints":{"allow":["GET"]}}],"collection":[{"href":"https:\/\/www.visionweb.com.ar\/index.php?rest_route=\/wp\/v2\/posts"}],"about":[{"href":"https:\/\/www.visionweb.com.ar\/index.php?rest_route=\/wp\/v2\/types\/post"}],"author":[{"embeddable":true,"href":"https:\/\/www.visionweb.com.ar\/index.php?rest_route=\/wp\/v2\/users\/4"}],"replies":[{"embeddable":true,"href":"https:\/\/www.visionweb.com.ar\/index.php?rest_route=%2Fwp%2Fv2%2Fcomments&post=5772"}],"version-history":[{"count":2,"href":"https:\/\/www.visionweb.com.ar\/index.php?rest_route=\/wp\/v2\/posts\/5772\/revisions"}],"predecessor-version":[{"id":5775,"href":"https:\/\/www.visionweb.com.ar\/index.php?rest_route=\/wp\/v2\/posts\/5772\/revisions\/5775"}],"wp:featuredmedia":[{"embeddable":true,"href":"https:\/\/www.visionweb.com.ar\/index.php?rest_route=\/wp\/v2\/media\/5774"}],"wp:attachment":[{"href":"https:\/\/www.visionweb.com.ar\/index.php?rest_route=%2Fwp%2Fv2%2Fmedia&parent=5772"}],"wp:term":[{"taxonomy":"category","embeddable":true,"href":"https:\/\/www.visionweb.com.ar\/index.php?rest_route=%2Fwp%2Fv2%2Fcategories&post=5772"},{"taxonomy":"post_tag","embeddable":true,"href":"https:\/\/www.visionweb.com.ar\/index.php?rest_route=%2Fwp%2Fv2%2Ftags&post=5772"}],"curies":[{"name":"wp","href":"https:\/\/api.w.org\/{rel}","templated":true}]}}