{"id":5767,"date":"2022-05-23T10:36:37","date_gmt":"2022-05-23T13:36:37","guid":{"rendered":"https:\/\/www.visionweb.com.ar\/?p=5767"},"modified":"2022-05-23T10:36:37","modified_gmt":"2022-05-23T13:36:37","slug":"salud-reportan-un-caso-sospechoso-de-viruela-del-mono-en-el-pais","status":"publish","type":"post","link":"https:\/\/www.visionweb.com.ar\/?p=5767","title":{"rendered":"Salud: Reportan un caso sospechoso de \u201cViruela del Mono\u201d en el pa\u00eds"},"content":{"rendered":"<p><em><strong>En el Instituto Malbr\u00e1n est\u00e1n analizando las muestras de un residente de la Provincia con s\u00edntomas compatibles con la enfermedad. Indicaron que son 21d\u00edas de aislamiento para contactos estrechos.<\/strong><\/em><!--more--><\/p>\n<p><strong><img loading=\"lazy\" decoding=\"async\" class=\"size-full wp-image-5769 aligncenter\" src=\"https:\/\/www.visionweb.com.ar\/wp-content\/uploads\/2022\/05\/viruela-del-mono.bmp\" alt=\"\" width=\"504\" height=\"284\" \/>E<\/strong>l Ministerio de Salud report\u00f3 ayer domingo un caso con \u201cs\u00edntomas compatibles con viruela s\u00edmica\u201d, de un residente bonaerense que hizo la consulta en la Ciudad de Buenos Aires, cuyas muestras est\u00e1n siendo analizadas en el Instituto Malbr\u00e1n.<\/p>\n<p>En ese sentido, el Ministerio de\u00a0 Salud emiti\u00f3 un comunicado: \u201cUn residente de provincia de Buenos Aires consult\u00f3 hoy en un efector de salud de la Ciudad de Buenos Aires con s\u00edntomas compatibles con viruela s\u00edmica por cuanto presenta p\u00fastulas en distintas partes del cuerpo y fiebre\u201d.<\/p>\n<p>\u201cEl paciente, que se encuentra en buen estado general, asilado, y recibiendo tratamiento sintom\u00e1tico, tiene antecedente de viaje a Espa\u00f1a, pa\u00eds donde estuvo del 28 abril al 16 de mayo 2022\u201d, detall\u00f3.<\/p>\n<p>\u201cPara realizar el seguimiento e investigaci\u00f3n se realiz\u00f3 la toma de muestras para diagn\u00f3stico etiol\u00f3gico, las cuales est\u00e1n siendo analizadas en el Laboratorio Nacional de Referencia INEI- ANLIS Dr. Carlos G. Malbr\u00e1n\u201d, precis\u00f3 el comunicado.<\/p>\n<p>Desde Salud, a la vez indicaron que: \u201cSe conform\u00f3 una mesa de trabajo con la provincia de Buenos Aires y Ciudad Aut\u00f3noma de Buenos Aires, para coordinar las acciones cl\u00ednicas, diagn\u00f3sticas y epidemiol\u00f3gicas, con el fin de confirmar o descartar el caso, dar adecuada atenci\u00f3n cl\u00ednica e implementar todas las medidas de control de foco para evitar una posible transmisi\u00f3n\u201d, en tanto se aguardan los resultados de los estudios.<\/p>\n<p><a href=\"https:\/\/www.visionweb.com.ar\/wp-content\/uploads\/2022\/05\/malbran-viruela-mono.bmp\"><img loading=\"lazy\" decoding=\"async\" class=\"size-full wp-image-5770 aligncenter\" src=\"https:\/\/www.visionweb.com.ar\/wp-content\/uploads\/2022\/05\/malbran-viruela-mono.bmp\" alt=\"\" width=\"601\" height=\"381\" \/><\/a>As\u00ed, la cartera que encabeza la ministra Carla Vizzotti explic\u00f3 que \u201cdesde la notificaci\u00f3n a nivel internacional de los primeros casos de esta enfermedad en pa\u00edses no end\u00e9micos se conform\u00f3 en el Ministerio de Salud de la Naci\u00f3n, un equipo de trabajo con el objetivo iniciar la vigilancia del nuevo evento y generar las recomendaciones espec\u00edficas para los equipos de salud y la poblaci\u00f3n\u201d.<\/p>\n<p>Al d\u00eda s\u00e1bado, la Organizaci\u00f3n Mundial de la Salud (OMS) report\u00f3 28 casos confirmados, por laboratorio y 12 casos sospechosos de viruela s\u00edmica en 12 pa\u00edses no end\u00e9micos (Australia, B\u00e9lgica, Canad\u00e1, Francia, Alemania, Italia, Pa\u00edses Bajos, Portugal, Espa\u00f1a, Suecia, Reino Unido y Estados Unidos). En estos casos a\u00fan no se ha confirmado antecedente o nexo con \u00e1reas end\u00e9micas.<\/p>\n<p>\u201cEl alcance de la transmisi\u00f3n comunitaria no est\u00e1 claro a\u00fan en esta etapa y, por tanto, existe la posibilidad de identificar m\u00e1s casos. Sin embargo cabe mencionar que se considera que el virus de la viruela s\u00edmica tiene una transmisibilidad moderada entre humanos\u201d, subray\u00f3 el comunicado oficial.<\/p>\n<p>A la vez, el Ministerio de Salud indic\u00f3 que: \u201cToda persona que presente s\u00edntomas compatibles (en especial erupciones) y antecedentes de viaje a zonas donde est\u00e1 habiendo casos y\/o supone alguna exposici\u00f3n de riesgo con casos sospechosos, probables o confirmados, deber\u00e1 tomar medidas de aislamiento social<strong>\u00a0<\/strong>(no concurrir a escuela, trabajo, eventos sociales, etc), implementar medidas de protecci\u00f3n respiratoria (uso adecuado de barbijo, ambientes ventilados y distancia de las otras personas) y realizar la consulta con el sistema de salud de forma inmediata\u201d.<\/p>\n<p>El contacto cercano con personas infectadas es el factor de riesgo m\u00e1s importante para la infecci\u00f3n por el virus, y se realizar\u00e1 seguimiento cl\u00ednico-sanitario estricto durante 21 d\u00edas desde el \u00faltimo contacto con el caso\u201d, advirti\u00f3 el comunicado. <strong>(VW)<\/strong><\/p>\n","protected":false},"excerpt":{"rendered":"<p>En el Instituto Malbr\u00e1n est\u00e1n analizando las muestras de un residente de la Provincia con s\u00edntomas compatibles con la enfermedad. Indicaron que son 21d\u00edas de aislamiento para contactos estrechos.<\/p>\n","protected":false},"author":4,"featured_media":5770,"comment_status":"closed","ping_status":"closed","sticky":false,"template":"","format":"standard","meta":{"_monsterinsights_skip_tracking":false,"_monsterinsights_sitenote_active":false,"_monsterinsights_sitenote_note":"","_monsterinsights_sitenote_category":0,"footnotes":""},"categories":[3],"tags":[2339,2337,356,2338],"class_list":["post-5767","post","type-post","status-publish","format-standard","has-post-thumbnail","hentry","category-actualidad","tag-caso-sospechoso","tag-ministerio-salud","tag-provincia","tag-viruela-del-mono"],"_links":{"self":[{"href":"https:\/\/www.visionweb.com.ar\/index.php?rest_route=\/wp\/v2\/posts\/5767","targetHints":{"allow":["GET"]}}],"collection":[{"href":"https:\/\/www.visionweb.com.ar\/index.php?rest_route=\/wp\/v2\/posts"}],"about":[{"href":"https:\/\/www.visionweb.com.ar\/index.php?rest_route=\/wp\/v2\/types\/post"}],"author":[{"embeddable":true,"href":"https:\/\/www.visionweb.com.ar\/index.php?rest_route=\/wp\/v2\/users\/4"}],"replies":[{"embeddable":true,"href":"https:\/\/www.visionweb.com.ar\/index.php?rest_route=%2Fwp%2Fv2%2Fcomments&post=5767"}],"version-history":[{"count":2,"href":"https:\/\/www.visionweb.com.ar\/index.php?rest_route=\/wp\/v2\/posts\/5767\/revisions"}],"predecessor-version":[{"id":5771,"href":"https:\/\/www.visionweb.com.ar\/index.php?rest_route=\/wp\/v2\/posts\/5767\/revisions\/5771"}],"wp:featuredmedia":[{"embeddable":true,"href":"https:\/\/www.visionweb.com.ar\/index.php?rest_route=\/wp\/v2\/media\/5770"}],"wp:attachment":[{"href":"https:\/\/www.visionweb.com.ar\/index.php?rest_route=%2Fwp%2Fv2%2Fmedia&parent=5767"}],"wp:term":[{"taxonomy":"category","embeddable":true,"href":"https:\/\/www.visionweb.com.ar\/index.php?rest_route=%2Fwp%2Fv2%2Fcategories&post=5767"},{"taxonomy":"post_tag","embeddable":true,"href":"https:\/\/www.visionweb.com.ar\/index.php?rest_route=%2Fwp%2Fv2%2Ftags&post=5767"}],"curies":[{"name":"wp","href":"https:\/\/api.w.org\/{rel}","templated":true}]}}