{"id":5763,"date":"2022-05-23T09:08:05","date_gmt":"2022-05-23T12:08:05","guid":{"rendered":"https:\/\/www.visionweb.com.ar\/?p=5763"},"modified":"2022-05-23T09:08:05","modified_gmt":"2022-05-23T12:08:05","slug":"lanus-100-de-descuento-en-tasas-de-seguridad-e-higiene","status":"publish","type":"post","link":"https:\/\/www.visionweb.com.ar\/?p=5763","title":{"rendered":"Lan\u00fas: 100% de descuento en tasas de Seguridad e Higiene"},"content":{"rendered":"<p><em><strong>El Concejo Deliberante aprob\u00f3 la ordenanza, que regir\u00e1 desde junio hasta fin de 2022 y alcanzar\u00e1 a 1.500 comercios. \u00abAgradezco a los concejales que acompa\u00f1aron por unanimidad la medida\u201d, dijo Grindetti.<\/strong><\/em><!--more--><\/p>\n<p><strong><img loading=\"lazy\" decoding=\"async\" class=\"size-full wp-image-5765 aligncenter\" src=\"https:\/\/www.visionweb.com.ar\/wp-content\/uploads\/2022\/05\/lanus-rebaja-tasa-a-comercios.bmp\" alt=\"\" width=\"524\" height=\"328\" \/>E<\/strong>l Concejo Deliberante de Lan\u00fas aprob\u00f3 por unanimidad la medida impulsada por el intendente, N\u00e9stor Grindetti, que estipula una quita del 100 por ciento de la Tasa de Seguridad e Higiene para un total de 1.500 comerciantes de barrio. En un principio la iniciativa de Grindetti fue de una reducci\u00f3n del 30%, pero para sumar m\u00e1s descuento deb\u00eda ser tratada en el Concejo como ordenanza.<\/p>\n<p>En sus redes sociales, N\u00e9stor Grindetti expres\u00f3: \u00abEstamos seguros de que este es el camino para ayudar al comerciante y al vecino en la lucha contra la inflaci\u00f3n. Tenemos que dejar de ahogarlos con controles de precios y amenazas\u00bb, y reafirm\u00f3: \u00abAgradezco a los concejales que acompa\u00f1aron, por unanimidad, la medida. Se trata de hacer y no solo de decir\u00bb, inform\u00f3 Prensa de la Comuna.<\/p>\n<p>Esta decisi\u00f3n, se efectu\u00f3 en \u00a0el marco de las pol\u00edticas implementadas por el Municipio para reactivar el sector comercial local y aminorar los efectos inflacionarios.\u00a0 La misma, entrar\u00e1 en vigencia durante el per\u00edodo 5\u00ba de 2022 y su vigencia opera desde el 21 de Junio hasta fin de a\u00f1o.<\/p>\n<p>Entre los rubros beneficiados, se encuentran panader\u00edas, despensas y almacenes. Cabe destacar que el Municipio, por decreto, pudo reducir las tasas hasta en un 30% y se envi\u00f3 este proyecto de ordenanza al Concejo local para reducir la baja al 100%. <strong>(VW)<\/strong><\/p>\n","protected":false},"excerpt":{"rendered":"<p>El Concejo Deliberante aprob\u00f3 la ordenanza, que regir\u00e1 desde junio hasta fin de 2022 y alcanzar\u00e1 a 1.500 comercios. \u00abAgradezco a los concejales que acompa\u00f1aron por unanimidad la medida\u201d, dijo Grindetti.<\/p>\n","protected":false},"author":4,"featured_media":5765,"comment_status":"closed","ping_status":"closed","sticky":false,"template":"","format":"standard","meta":{"_monsterinsights_skip_tracking":false,"_monsterinsights_sitenote_active":false,"_monsterinsights_sitenote_note":"","_monsterinsights_sitenote_category":0,"footnotes":""},"categories":[6,4],"tags":[1862,19,2336,2278],"class_list":["post-5763","post","type-post","status-publish","format-standard","has-post-thumbnail","hentry","category-economia","category-politica","tag-concejo-deliberante","tag-lanus","tag-reduccion-tasas","tag-seguridad-e-higiene"],"_links":{"self":[{"href":"https:\/\/www.visionweb.com.ar\/index.php?rest_route=\/wp\/v2\/posts\/5763","targetHints":{"allow":["GET"]}}],"collection":[{"href":"https:\/\/www.visionweb.com.ar\/index.php?rest_route=\/wp\/v2\/posts"}],"about":[{"href":"https:\/\/www.visionweb.com.ar\/index.php?rest_route=\/wp\/v2\/types\/post"}],"author":[{"embeddable":true,"href":"https:\/\/www.visionweb.com.ar\/index.php?rest_route=\/wp\/v2\/users\/4"}],"replies":[{"embeddable":true,"href":"https:\/\/www.visionweb.com.ar\/index.php?rest_route=%2Fwp%2Fv2%2Fcomments&post=5763"}],"version-history":[{"count":2,"href":"https:\/\/www.visionweb.com.ar\/index.php?rest_route=\/wp\/v2\/posts\/5763\/revisions"}],"predecessor-version":[{"id":5766,"href":"https:\/\/www.visionweb.com.ar\/index.php?rest_route=\/wp\/v2\/posts\/5763\/revisions\/5766"}],"wp:featuredmedia":[{"embeddable":true,"href":"https:\/\/www.visionweb.com.ar\/index.php?rest_route=\/wp\/v2\/media\/5765"}],"wp:attachment":[{"href":"https:\/\/www.visionweb.com.ar\/index.php?rest_route=%2Fwp%2Fv2%2Fmedia&parent=5763"}],"wp:term":[{"taxonomy":"category","embeddable":true,"href":"https:\/\/www.visionweb.com.ar\/index.php?rest_route=%2Fwp%2Fv2%2Fcategories&post=5763"},{"taxonomy":"post_tag","embeddable":true,"href":"https:\/\/www.visionweb.com.ar\/index.php?rest_route=%2Fwp%2Fv2%2Ftags&post=5763"}],"curies":[{"name":"wp","href":"https:\/\/api.w.org\/{rel}","templated":true}]}}